{"id":4356,"date":"2022-02-13T08:43:41","date_gmt":"2022-02-13T11:43:41","guid":{"rendered":"https:\/\/www.semanariolocal.cl\/?p=4356"},"modified":"2022-02-14T23:50:39","modified_gmt":"2022-02-15T02:50:39","slug":"mas-mujeres-en-ciencia-es-imperativo-humanizar-el-quehacer-investigativo","status":"publish","type":"post","link":"https:\/\/www.semanariolocal.cl\/?p=4356","title":{"rendered":"M\u00e1s mujeres en Ciencia: Es imperativo humanizar el quehacer investigativo"},"content":{"rendered":"\n<p>En 2015 la Asamblea General de Naciones Unidas declar\u00f3 el 11 de febrero como d\u00eda internacional de las mujeres y ni\u00f1as en la ciencia. Lleg\u00f3 la semana pasada un nuevo d\u00eda de la mujer cient\u00edfica y somos nuevamente interpeladas con respecto a la situaci\u00f3n de las mujeres en ciencia. No hablar\u00e9 de los diagn\u00f3sticos por todos sabidos, ni tampoco de los efectos que la pandemia gener\u00f3 para todas aquellas mujeres que estando en teletrabajo, tuvimos que conciliar como nunca tareas de cuidado familiar con la labor investigativa.<\/p>\n\n\n\n<p>Seg\u00fan la radiograf\u00eda de g\u00e9nero en ciencia, tecnolog\u00eda, conocimiento e innovaci\u00f3n de MinCyT realizada en 2020, la participaci\u00f3n de mujeres en ciencia va disminuyendo de manera significativa a medida que aumenta el nivel educacional del personal cient\u00edfico en el pa\u00eds. Esta brecha se hace m\u00e1s notoria a nivel de doctorados donde el 31% del total son mujeres. En cuanto a liderar proyectos cient\u00edficos se observa que s\u00f3lo el 34% corresponde a mujeres responsables de proyectos en comparaci\u00f3n con el 66% de hombres. En cuanto al liderazgo de mujeres en empresas de innovaci\u00f3n, las mujeres representan s\u00f3lo un 18% del total de gerentes generales.&nbsp;<\/p>\n\n\n\n<p>Lo que me motiva a escribir hoy es la necesidad de actuar en congruencia y considerar que detr\u00e1s de una mujer cient\u00edfica existe una madre, una hija, una mujer que en sus m\u00faltiples roles requiere ser reconocida en su multifuncionalidad. Esto significa que, en distintos espacios donde se realiza ciencia hoy en Chile (Universidades, Centros de Investigaci\u00f3n, etc) es imperativo que comencemos a actuar en concordancia con las pol\u00edticas y normativas de g\u00e9nero que se han ido generando en los \u00faltimos a\u00f1os.<\/p>\n\n\n\n<p>El apoyo de las instituciones para promover el acceso y permanencia de las mujeres haciendo ciencia, requiere de acciones afirmativas que se conviertan en buenas pr\u00e1cticas de inclusi\u00f3n y de equilibrio de g\u00e9nero. En este sentido, el llamado a las mujeres cient\u00edficas es a visibilizar sin culpa esta multifuncionalidad, a trav\u00e9s del relato y de acciones que permitan conocer el entorno familiar en el que nos desenvolvemos.<\/p>\n\n\n\n<p>Las mujeres en ciencia necesitamos que las instituciones que nos albergan, consideren dentro de su operaci\u00f3n diaria que tenemos labores que se tienen que conciliar con la actividad laboral\/cient\u00edfica.&nbsp; Por ejemplo, eliminar el factor sorpresa a la hora de llegar con nuestras hijas e hijos a reuniones o trabajos en terreno y darnos facilidades para que eso ocurra, considerar los horarios de t\u00e9rmino de las reuniones para no entorpecer actividades de cuidado, equilibrio de g\u00e9nero en espacios cient\u00edficos deliberativos, fomentar la creaci\u00f3n de escuelas de liderezas que permitan que las mujeres en ciencia se empoderen de sus competencias y capacidades.<\/p>\n\n\n\n<p>Este nuevo a\u00f1o se presenta como una oportunidad importante para hacer las cosas diferentes. En el contexto del regreso a la \u00abpresencialidad\u00bb donde muchas mujeres regresar\u00e1n a sus laboratorios y\/u oficinas para generar ciencia, el llamado es a humanizarlas y considerar que el mayor acceso de la mujer a la ciencia pasa inevitablemente por democratizar los espacios donde ellas requieren desplegarse en toda su multifuncionalidad.<\/p>\n","protected":false},"excerpt":{"rendered":"<p>En 2015 la Asamblea General de Naciones Unidas declar\u00f3 el 11 de febrero como d\u00eda internacional de las mujeres y ni\u00f1as en la ciencia. Lleg\u00f3 la semana pasada un nuevo d\u00eda de la mujer cient\u00edfica y somos nuevamente interpeladas con respecto a la situaci\u00f3n de las mujeres en ciencia. No hablar\u00e9 de los diagn\u00f3sticos por&#8230;<a class=\"btnReadMore\" href=\"https:\/\/www.semanariolocal.cl\/?p=4356\"> Leer M\u00e1s<\/a><\/p>\n","protected":false},"author":1,"featured_media":4357,"comment_status":"closed","ping_status":"closed","sticky":false,"template":"","format":"standard","meta":{"footnotes":""},"categories":[7],"tags":[],"class_list":["post-4356","post","type-post","status-publish","format-standard","has-post-thumbnail","hentry","category-opinion"],"_links":{"self":[{"href":"https:\/\/www.semanariolocal.cl\/index.php?rest_route=\/wp\/v2\/posts\/4356","targetHints":{"allow":["GET"]}}],"collection":[{"href":"https:\/\/www.semanariolocal.cl\/index.php?rest_route=\/wp\/v2\/posts"}],"about":[{"href":"https:\/\/www.semanariolocal.cl\/index.php?rest_route=\/wp\/v2\/types\/post"}],"author":[{"embeddable":true,"href":"https:\/\/www.semanariolocal.cl\/index.php?rest_route=\/wp\/v2\/users\/1"}],"replies":[{"embeddable":true,"href":"https:\/\/www.semanariolocal.cl\/index.php?rest_route=%2Fwp%2Fv2%2Fcomments&post=4356"}],"version-history":[{"count":1,"href":"https:\/\/www.semanariolocal.cl\/index.php?rest_route=\/wp\/v2\/posts\/4356\/revisions"}],"predecessor-version":[{"id":4358,"href":"https:\/\/www.semanariolocal.cl\/index.php?rest_route=\/wp\/v2\/posts\/4356\/revisions\/4358"}],"wp:featuredmedia":[{"embeddable":true,"href":"https:\/\/www.semanariolocal.cl\/index.php?rest_route=\/wp\/v2\/media\/4357"}],"wp:attachment":[{"href":"https:\/\/www.semanariolocal.cl\/index.php?rest_route=%2Fwp%2Fv2%2Fmedia&parent=4356"}],"wp:term":[{"taxonomy":"category","embeddable":true,"href":"https:\/\/www.semanariolocal.cl\/index.php?rest_route=%2Fwp%2Fv2%2Fcategories&post=4356"},{"taxonomy":"post_tag","embeddable":true,"href":"https:\/\/www.semanariolocal.cl\/index.php?rest_route=%2Fwp%2Fv2%2Ftags&post=4356"}],"curies":[{"name":"wp","href":"https:\/\/api.w.org\/{rel}","templated":true}]}}