{"id":4350,"date":"2022-02-13T08:22:00","date_gmt":"2022-02-13T11:22:00","guid":{"rendered":"https:\/\/www.semanariolocal.cl\/?p=4350"},"modified":"2022-02-14T23:28:53","modified_gmt":"2022-02-15T02:28:53","slug":"espacios-en-la-industria-creativa-en-pro-de-la-igualdad-de-genero","status":"publish","type":"post","link":"https:\/\/www.semanariolocal.cl\/?p=4350","title":{"rendered":"Espacios en la industria creativa en pro de la igualdad de g\u00e9nero"},"content":{"rendered":"\n<p>El 2018 marc\u00f3 un hito para las mujeres latinoamericanas donde por primera vez fueron seleccionadas representantes de Chile, Ecuador y Venezuela en \u201cSee It Be It\u201d, una iniciativa que busca incentivar y dar a conocer los roles femeninos en el mundo creativo.<\/p>\n\n\n\n<p>Este programa fue dise\u00f1ado por el Festival Internacional Cannes Lions para elevar el perfil, expandir contactos y empoderar a mujeres de la industria que est\u00e9n por adentrarse en el mundo del liderazgo y sobre todo con una gran pasi\u00f3n por ayudar y levantar a otras. La iniciativa naci\u00f3 en 2014 por las preocupantes cifras recolectadas por Cannes Lions que estim\u00f3 que un 25% de las creativas en agencias son mujeres y solamente un 11% de ellas alcanzan los directivos.<\/p>\n\n\n\n<p>Fui la primera creativa seleccionada para representar a Chile (y Venezuela) en See It Be It y fue un gran honor. \u00c9ramos 20 mujeres de todas partes del mundo que fuimos elegidas entre 570 postulantes y 80 finalistas. Tuvimos un entrenamiento exclusivo con personas incre\u00edbles de la publicidad y mentor\u00edas personalizadas donde pude rescatar varias ense\u00f1anzas.<\/p>\n\n\n\n<p>Tea Uglow, la directora creativa de Google Creative Lab en Sydney dijo que \u201cla experiencia lo es todo: siente las ideas, el lugar donde est\u00e1s, qu\u00e9 te mueve hacia adelante\u201d. Si bien es importante realizar lo que solicitan las jefaturas, no podemos dejar de hacer nuestras ideas.<\/p>\n\n\n\n<p>En la misma l\u00ednea, Madonna Badger, Chief Creative Officer y fundadora en Badger &amp; Winters invita a cuestionarse lo siguiente: cuando tienes una idea, \u201c\u00bfte hace sentir diferente? \u00bfCu\u00e1l es el impacto? S\u00e9 real, y hazlo con sentido\u201d, mientras que Kat Gordon fundadora de 3% movement dijo \u201cencuentra en qu\u00e9 momento y donde ocurren tus mejores ideas\u201d.<\/p>\n\n\n\n<p>Al descubrir cu\u00e1ndo sucede la magia creativa, cuida ese espacio y protege esos momentos que necesitas para que la creatividad fluya c\u00f3modamente. El d\u00eda a d\u00eda puede ser abrumador, pero es importante no olvidar que trabajamos para vivir, no vivimos para trabajar. Como creativas debemos cultivar esos momentos que nos enriquecen para tener grandes ideas donde la energ\u00eda lo es todo. Energ\u00edzate cada d\u00eda y preg\u00fantate: \u00bfQu\u00e9 pude haber hecho mejor hoy? \u00bfQu\u00e9 hice hoy que fue muy bueno?<\/p>\n\n\n\n<p>Estas mujeres de \u201cSee It Be It\u201d marcaron mi carrera. Debemos apoyarnos y tomar estas instancias para acercarnos a la igualdad de g\u00e9nero en la industria creativa, especialmente en Chile. El C\u00edrculo de Creativas en Chile realiz\u00f3 un censo en 2018 que demostr\u00f3 que s\u00f3lo existe un 22% de mujeres l\u00edderes creativas. Es una realidad que hay que cambiar y me alegra poder ser parte de esta evoluci\u00f3n.<\/p>\n\n\n\n<p>Es por esto que no dejo de recordar lo que dijo Chloe Gottlieb, Directora de Product Design en Google: \u201cla resiliencia es m\u00e1s importante que la confianza. Dale un nuevo significado a cada situaci\u00f3n, miralo como una oportunidad de crecimiento\u201d. Las mujeres en publicidad deben resistir y seguir adelante para abrir camino a las pr\u00f3ximas generaciones. Sigamos luchando por la representaci\u00f3n femenina, abramos m\u00e1s espacios en la industria creativa y tomemos esta oportunidad de ver las cosas con otra perspectiva para encontrar el aprendizaje. Las invito a inscribirse a \u201cSee It Be It\u201d y que representemos nuestro pa\u00eds nuevamente desde la creatividad.<\/p>\n\n\n\n<p><strong>Maribel Maneiro, directora creativa de Raya<\/strong><\/p>\n","protected":false},"excerpt":{"rendered":"<p>El 2018 marc\u00f3 un hito para las mujeres latinoamericanas donde por primera vez fueron seleccionadas representantes de Chile, Ecuador y Venezuela en \u201cSee It Be It\u201d, una iniciativa que busca incentivar y dar a conocer los roles femeninos en el mundo creativo. Este programa fue dise\u00f1ado por el Festival Internacional Cannes Lions para elevar el&#8230;<a class=\"btnReadMore\" href=\"https:\/\/www.semanariolocal.cl\/?p=4350\"> Leer M\u00e1s<\/a><\/p>\n","protected":false},"author":1,"featured_media":4351,"comment_status":"closed","ping_status":"closed","sticky":false,"template":"","format":"standard","meta":{"footnotes":""},"categories":[7],"tags":[],"class_list":["post-4350","post","type-post","status-publish","format-standard","has-post-thumbnail","hentry","category-opinion"],"_links":{"self":[{"href":"https:\/\/www.semanariolocal.cl\/index.php?rest_route=\/wp\/v2\/posts\/4350","targetHints":{"allow":["GET"]}}],"collection":[{"href":"https:\/\/www.semanariolocal.cl\/index.php?rest_route=\/wp\/v2\/posts"}],"about":[{"href":"https:\/\/www.semanariolocal.cl\/index.php?rest_route=\/wp\/v2\/types\/post"}],"author":[{"embeddable":true,"href":"https:\/\/www.semanariolocal.cl\/index.php?rest_route=\/wp\/v2\/users\/1"}],"replies":[{"embeddable":true,"href":"https:\/\/www.semanariolocal.cl\/index.php?rest_route=%2Fwp%2Fv2%2Fcomments&post=4350"}],"version-history":[{"count":1,"href":"https:\/\/www.semanariolocal.cl\/index.php?rest_route=\/wp\/v2\/posts\/4350\/revisions"}],"predecessor-version":[{"id":4352,"href":"https:\/\/www.semanariolocal.cl\/index.php?rest_route=\/wp\/v2\/posts\/4350\/revisions\/4352"}],"wp:featuredmedia":[{"embeddable":true,"href":"https:\/\/www.semanariolocal.cl\/index.php?rest_route=\/wp\/v2\/media\/4351"}],"wp:attachment":[{"href":"https:\/\/www.semanariolocal.cl\/index.php?rest_route=%2Fwp%2Fv2%2Fmedia&parent=4350"}],"wp:term":[{"taxonomy":"category","embeddable":true,"href":"https:\/\/www.semanariolocal.cl\/index.php?rest_route=%2Fwp%2Fv2%2Fcategories&post=4350"},{"taxonomy":"post_tag","embeddable":true,"href":"https:\/\/www.semanariolocal.cl\/index.php?rest_route=%2Fwp%2Fv2%2Ftags&post=4350"}],"curies":[{"name":"wp","href":"https:\/\/api.w.org\/{rel}","templated":true}]}}