{"id":4216,"date":"2022-02-06T07:55:00","date_gmt":"2022-02-06T10:55:00","guid":{"rendered":"https:\/\/www.semanariolocal.cl\/?p=4216"},"modified":"2022-02-05T00:44:12","modified_gmt":"2022-02-05T03:44:12","slug":"cada-gota-cuenta","status":"publish","type":"post","link":"https:\/\/www.semanariolocal.cl\/?p=4216","title":{"rendered":"Cada gota cuenta"},"content":{"rendered":"\n<p style=\"font-size:17px\">Para nadie es sorpresa que el cambio clim\u00e1tico est\u00e1 aqu\u00ed y sus efectos comienzan a afectarnos. Sin embargo, por medio del avance de las tecnolog\u00edas hoy tenemos las herramientas para frenar, en cierta medida, sus efectos, especialmente en la agricultura que se ve m\u00e1s expuesta.<\/p>\n\n\n\n<p style=\"font-size:17px\">Hace pocas semanas en una visita al norte del pa\u00eds, vimos la gran necesidad de agua de los agricultores y sus cultivos. La inversi\u00f3n que cada uno de ellos hace, y el impacto que tiene en su entorno, no se puede tirar por la borda por la crisis h\u00eddrica.<\/p>\n\n\n\n<p style=\"font-size:17px\">En ese sentido, quiero ser positivo porque hay tecnolog\u00edas que ayudan a ahorrar agua y optimizar al m\u00e1ximo los recursos. Avances&nbsp; como este nos permiten seguir avanzando en el desarrollo agr\u00edcola nacional y contribuir no solo a nivel econ\u00f3mico (PIB) del pa\u00eds si no a la alimentaci\u00f3n del mundo.<\/p>\n\n\n\n<p style=\"font-size:17px\">Seg\u00fan datos del Banco Mundial, la agricultura representa un 3,9% del PIB en Chile, cifra significativa que demuestra lo importante de este sector productivo para el pa\u00eds. Pero que tambi\u00e9n nos hace pensar lo urgente que es&nbsp; elaborar estrategias que sean sostenibles, y que por sobre todo que cuiden el agua.<\/p>\n\n\n\n<p style=\"font-size:17px\">Es momento de romper viejos esquemas y comencemos a masificar el conocimiento que las nuevas tecnolog\u00edas y avances cient\u00edficos nos han entregado.<\/p>\n\n\n\n<p style=\"font-size:17px\">Hago un llamado tanto a nivel empresarial como a los ciudadanos, de tomar conciencia y generar cambios. Sumandonos a la campa\u00f1a del gobierno y de los expertos, cuidar el agua finalmente es cuidar de todos.<\/p>\n","protected":false},"excerpt":{"rendered":"<p>Para nadie es sorpresa que el cambio clim\u00e1tico est\u00e1 aqu\u00ed y sus efectos comienzan a afectarnos. Sin embargo, por medio del avance de las tecnolog\u00edas hoy tenemos las herramientas para frenar, en cierta medida, sus efectos, especialmente en la agricultura que se ve m\u00e1s expuesta. Hace pocas semanas en una visita al norte del pa\u00eds,&#8230;<a class=\"btnReadMore\" href=\"https:\/\/www.semanariolocal.cl\/?p=4216\"> Leer M\u00e1s<\/a><\/p>\n","protected":false},"author":1,"featured_media":4217,"comment_status":"closed","ping_status":"closed","sticky":false,"template":"","format":"standard","meta":{"footnotes":""},"categories":[7],"tags":[],"class_list":["post-4216","post","type-post","status-publish","format-standard","has-post-thumbnail","hentry","category-opinion"],"_links":{"self":[{"href":"https:\/\/www.semanariolocal.cl\/index.php?rest_route=\/wp\/v2\/posts\/4216","targetHints":{"allow":["GET"]}}],"collection":[{"href":"https:\/\/www.semanariolocal.cl\/index.php?rest_route=\/wp\/v2\/posts"}],"about":[{"href":"https:\/\/www.semanariolocal.cl\/index.php?rest_route=\/wp\/v2\/types\/post"}],"author":[{"embeddable":true,"href":"https:\/\/www.semanariolocal.cl\/index.php?rest_route=\/wp\/v2\/users\/1"}],"replies":[{"embeddable":true,"href":"https:\/\/www.semanariolocal.cl\/index.php?rest_route=%2Fwp%2Fv2%2Fcomments&post=4216"}],"version-history":[{"count":1,"href":"https:\/\/www.semanariolocal.cl\/index.php?rest_route=\/wp\/v2\/posts\/4216\/revisions"}],"predecessor-version":[{"id":4218,"href":"https:\/\/www.semanariolocal.cl\/index.php?rest_route=\/wp\/v2\/posts\/4216\/revisions\/4218"}],"wp:featuredmedia":[{"embeddable":true,"href":"https:\/\/www.semanariolocal.cl\/index.php?rest_route=\/wp\/v2\/media\/4217"}],"wp:attachment":[{"href":"https:\/\/www.semanariolocal.cl\/index.php?rest_route=%2Fwp%2Fv2%2Fmedia&parent=4216"}],"wp:term":[{"taxonomy":"category","embeddable":true,"href":"https:\/\/www.semanariolocal.cl\/index.php?rest_route=%2Fwp%2Fv2%2Fcategories&post=4216"},{"taxonomy":"post_tag","embeddable":true,"href":"https:\/\/www.semanariolocal.cl\/index.php?rest_route=%2Fwp%2Fv2%2Ftags&post=4216"}],"curies":[{"name":"wp","href":"https:\/\/api.w.org\/{rel}","templated":true}]}}