{"id":4150,"date":"2022-02-01T07:15:00","date_gmt":"2022-02-01T10:15:00","guid":{"rendered":"https:\/\/www.semanariolocal.cl\/?p=4150"},"modified":"2022-02-02T01:08:22","modified_gmt":"2022-02-02T04:08:22","slug":"limpieza-del-canal-tenglo-comenzo-el-desguace-y-retiro-de-restos-naufragos","status":"publish","type":"post","link":"https:\/\/www.semanariolocal.cl\/?p=4150","title":{"rendered":"Limpieza del canal Tenglo: comenz\u00f3 el desguace y retiro de restos n\u00e1ufragos"},"content":{"rendered":"\n<p style=\"font-size:17px\">El viernes 28 de enero las autoridades que han trabajo en conjunto por el Plan Tenglo visitaron en el borde costero de bah\u00eda Chincui, los avances de la ejecuci\u00f3n de la segunda etapa del mencionado plan. Tras la tramitaci\u00f3n de diversos procesos administrativos, se dio inici\u00f3 al desguace por una empresa local, de dos naves en condici\u00f3n de abandono declaradas a favor del FISCO.<\/p>\n\n\n\n<p style=\"font-size:17px\">En el lugar el Gobernador Regional Los Lagos Patricio Vallesp\u00edn precis\u00f3 \u201clo que est\u00e1 sucediendo ac\u00e1 no pasa por casualidad, pasa por una intencionalidad\u201d luego la autoridad agreg\u00f3 \u201cproblemas de contaminaci\u00f3n graves, problemas de embarcaciones que por a\u00f1os estaban deterior\u00e1ndose y afectando la calidad de nuestro borde costero y ten\u00edamos que actuar. Fijamos un plan concordado de tres niveles. Hoy tenemos la buena noticia que parte el desguace de las embarcaciones que por a\u00f1os no hubo acci\u00f3n pertinente\u201d.<\/p>\n\n\n\n<p style=\"font-size:17px\">Respecto a la actividad, el Alcalde de Puerto Montt Gervoy Paredes indic\u00f3 que \u201clas faenas de desguace de embarcaciones se traducen en protecci\u00f3n del \u00e1mbito medioambiental. Asimismo, en ir recuperando espacios, locaciones, para incrementar la oferta de espacios en la costa de Puerto Montt. A la par, evidencia la convergencia de esfuerzos del sector p\u00fablico y privado para contar con una comuna m\u00e1s limpia. Igualmente, en reforzar los invaluables atractivos naturales para visitantes locales, nacionales y del exterior que eligen a la capital regional como destino. Por tanto, esta nueva fase en el marco del Plan Tenglo, posee un gran valor ya que contribuye a resaltar la riqueza natural y a descontaminar el borde costero de Puerto Montt\u201d.<\/p>\n\n\n\n<p style=\"font-size:17px\">Por su parte, el Comandante en Jefe de la Quinta Zona Naval, Contralmirante Mauricio Arenas coment\u00f3 \u201caqu\u00ed confluyen una serie de intereses que tienen que ver con las autoridades regionales, autoridades comunales, la Autoridad Mar\u00edtima y por supuesto la comunidad que tambi\u00e9n ha participado. Este plan Tenglo de ordenamiento y limpieza del borde costero de Canal Tenglo como la Bah\u00eda de Chincui tiene que ver con eso.&nbsp; En ese sentido hemos integrado todos estos actores y hoy d\u00eda es muy simb\u00f3lico, porque vemos c\u00f3mo ha comenzado el desguace de restos n\u00e1ufragos de naves. Esto no parti\u00f3 hoy d\u00eda, en dos operativos de limpieza de playas hemos con la comunidad logrado recoger de 12 a 13 toneladas. Lo m\u00e1s relevante es que tambi\u00e9n la empresa privada se hace parte de esto. Todo articulado por la Capitan\u00eda de Puerto de Puerto Montt\u201d.<\/p>\n\n\n\n<p style=\"font-size:17px\">De este modo, las Motonaves Basel y Hoddevick ser\u00e1n las primeras en ser desguazadas debiendo para tal efecto cumplir con una serie de exigencias en aspectos de seguridad, de igual modo se busca efectuar el mismo procedimiento con otros 19 restos n\u00e1ufragos, varados en el Canal Tenglo y bah\u00eda Chincui.<\/p>\n\n\n\n<p style=\"font-size:17px\">Adem\u00e1s, el \u201cPlan Tenglo\u201d considera entre otros aspectos, la realizaci\u00f3n de un programa de fiscalizaciones sectoriales conjuntas por parte de la Autoridad Mar\u00edtima, Superintendencia del Medio Ambiente y Autoridad Sanitaria, orientadas a efectuar un monitoreo ambiental a los astilleros y varaderos establecidos en el sector del borde costero ya indicado, sumado a campa\u00f1as de limpieza de playas y del fondo marino.<\/p>\n\n\n\n<p style=\"font-size:17px\">En resumen, el \u201cPlan Tenglo\u201d contempla tres grandes etapas, cuyos plazos de ejecuci\u00f3n van desde los 6 meses a 3 a\u00f1os. Es liderada por la Quinta Zona Naval y su conducci\u00f3n es efectuada a trav\u00e9s de la Capitan\u00eda de Puerto de Puerto Montt, la que tiene como principal funci\u00f3n gestionar y coordinar los esfuerzos de las autoridades comunales, del sector privado, de los sindicatos de pescadores artesanales y organizaciones civiles dispuestas a participar en esta campa\u00f1a.<\/p>\n","protected":false},"excerpt":{"rendered":"<p>Las motonaves Basel y Hoddevick ubicadas en Bah\u00eda Chincui ser\u00e1n las primeras en ser desguazadas.<\/p>\n","protected":false},"author":1,"featured_media":4151,"comment_status":"closed","ping_status":"closed","sticky":false,"template":"","format":"standard","meta":{"footnotes":""},"categories":[3],"tags":[],"class_list":["post-4150","post","type-post","status-publish","format-standard","has-post-thumbnail","hentry","category-al-dia"],"_links":{"self":[{"href":"https:\/\/www.semanariolocal.cl\/index.php?rest_route=\/wp\/v2\/posts\/4150","targetHints":{"allow":["GET"]}}],"collection":[{"href":"https:\/\/www.semanariolocal.cl\/index.php?rest_route=\/wp\/v2\/posts"}],"about":[{"href":"https:\/\/www.semanariolocal.cl\/index.php?rest_route=\/wp\/v2\/types\/post"}],"author":[{"embeddable":true,"href":"https:\/\/www.semanariolocal.cl\/index.php?rest_route=\/wp\/v2\/users\/1"}],"replies":[{"embeddable":true,"href":"https:\/\/www.semanariolocal.cl\/index.php?rest_route=%2Fwp%2Fv2%2Fcomments&post=4150"}],"version-history":[{"count":1,"href":"https:\/\/www.semanariolocal.cl\/index.php?rest_route=\/wp\/v2\/posts\/4150\/revisions"}],"predecessor-version":[{"id":4152,"href":"https:\/\/www.semanariolocal.cl\/index.php?rest_route=\/wp\/v2\/posts\/4150\/revisions\/4152"}],"wp:featuredmedia":[{"embeddable":true,"href":"https:\/\/www.semanariolocal.cl\/index.php?rest_route=\/wp\/v2\/media\/4151"}],"wp:attachment":[{"href":"https:\/\/www.semanariolocal.cl\/index.php?rest_route=%2Fwp%2Fv2%2Fmedia&parent=4150"}],"wp:term":[{"taxonomy":"category","embeddable":true,"href":"https:\/\/www.semanariolocal.cl\/index.php?rest_route=%2Fwp%2Fv2%2Fcategories&post=4150"},{"taxonomy":"post_tag","embeddable":true,"href":"https:\/\/www.semanariolocal.cl\/index.php?rest_route=%2Fwp%2Fv2%2Ftags&post=4150"}],"curies":[{"name":"wp","href":"https:\/\/api.w.org\/{rel}","templated":true}]}}