{"id":4147,"date":"2022-02-01T07:15:00","date_gmt":"2022-02-01T10:15:00","guid":{"rendered":"https:\/\/www.semanariolocal.cl\/?p=4147"},"modified":"2022-02-02T01:03:19","modified_gmt":"2022-02-02T04:03:19","slug":"experta-pide-reforzar-trabajo-regional-en-medio-de-crisis-migratoria-que-se-vive-en-chile","status":"publish","type":"post","link":"https:\/\/www.semanariolocal.cl\/?p=4147","title":{"rendered":"Experta pide reforzar trabajo regional en medio de crisis migratoria que se vive en Chile"},"content":{"rendered":"\n<p style=\"font-size:17px\">Este lunes se vivi\u00f3 en Iquique un paro general como protesta por la crisis migratoria que se vive en la ciudad, donde un grupo de manifestantes se\u00f1alan que ha aumentado la delincuencia en la zona.&nbsp;Por eso, varios sectores de la ciudad nortina se plegaron a esta manifestaci\u00f3n, en un conflicto que est\u00e1 lejos de resolverse.<\/p>\n\n\n\n<p style=\"font-size:17px\">Adriana Palomera, coordinadora del Centro de Estudios Migratorios de la Usach, responsabiliza de esta situaci\u00f3n al Estado. \u201cEsto es la cr\u00f3nica de una muerte anunciada, es algo que hab\u00edamos estado viendo, donde se daba luces de que si no se hac\u00eda algo desde el Estado, relativo a la gesti\u00f3n, era probable llegar a este punto. Es una respuesta a un fracaso de las pol\u00edticas p\u00fablicas, no lo puedo mirar de otra forma\u201d.<\/p>\n\n\n\n<p style=\"font-size:17px\">\u201cEl problema es de nuestra pol\u00edtica migratoria, donde con el contexto de la pandemia se agudiza. Poner el centro de la discusi\u00f3n en los inmigrantes, en las personas, es un error, porque es un problema de Estado y pol\u00edtica p\u00fablica\u201d, sostiene la especialista.<\/p>\n\n\n\n<p style=\"font-size:17px\">En ese sentido, afirma que el viaje de Sebasti\u00e1n Pi\u00f1era a C\u00facuta en el 2019, en donde le abri\u00f3 las puertas al pueblo venezolano, fue un error. \u201cTu ves la cantidad de inmigrantes y de d\u00f3nde vienen, porque sin tener cifras la evidencia dice que son venezolanos; y se est\u00e1 respondiendo a lo que se dijo a\u00f1os atr\u00e1s, donde no puedes decir v\u00e9nganse y son bienvenidos. Es imposible que Chile pueda sostener por s\u00ed solo una pol\u00edtica de acogida incluso solo del pueblo venezolano. No tenemos capacidad como Estado\u201d.<\/p>\n\n\n\n<p style=\"font-size:17px\">Finalmente, habl\u00f3 de posibles soluciones: \u201cEn primer lugar, hay que reforzar el trabajo a nivel regional, que involucre a pa\u00edses expulsores, de acogida y de tr\u00e1nsito. Se necesita mirar la problem\u00e1tica desde un enfoque regional. Punto dos es tratar de avanzar hacia los di\u00e1logos dentro de la regi\u00f3n que eviten la desestabilizaci\u00f3n pol\u00edtica y econ\u00f3mica de la propia regi\u00f3n, porque eso provoca desplazamiento. Y finalmente entender que la irregularidad tiene que ver con la situaci\u00f3n migratoria y no con las personas, obviamente que ingresan delincuentes, por eso es importante disolver grupos de tr\u00e1fico de migrantes y bandas instaladas en las fronteras\u201d.<\/p>\n","protected":false},"excerpt":{"rendered":"<p>La situaci\u00f3n migratoria en Iquique ha llevado a una serie de manifestaciones e incluso un paro en la ciudad. Adriana Palomera, coordinadora del Centro de Estudios Migratorios de la U. de Santiago, culpa al Estado.<\/p>\n","protected":false},"author":1,"featured_media":4148,"comment_status":"closed","ping_status":"closed","sticky":false,"template":"","format":"standard","meta":{"footnotes":""},"categories":[3],"tags":[],"class_list":["post-4147","post","type-post","status-publish","format-standard","has-post-thumbnail","hentry","category-al-dia"],"_links":{"self":[{"href":"https:\/\/www.semanariolocal.cl\/index.php?rest_route=\/wp\/v2\/posts\/4147","targetHints":{"allow":["GET"]}}],"collection":[{"href":"https:\/\/www.semanariolocal.cl\/index.php?rest_route=\/wp\/v2\/posts"}],"about":[{"href":"https:\/\/www.semanariolocal.cl\/index.php?rest_route=\/wp\/v2\/types\/post"}],"author":[{"embeddable":true,"href":"https:\/\/www.semanariolocal.cl\/index.php?rest_route=\/wp\/v2\/users\/1"}],"replies":[{"embeddable":true,"href":"https:\/\/www.semanariolocal.cl\/index.php?rest_route=%2Fwp%2Fv2%2Fcomments&post=4147"}],"version-history":[{"count":1,"href":"https:\/\/www.semanariolocal.cl\/index.php?rest_route=\/wp\/v2\/posts\/4147\/revisions"}],"predecessor-version":[{"id":4149,"href":"https:\/\/www.semanariolocal.cl\/index.php?rest_route=\/wp\/v2\/posts\/4147\/revisions\/4149"}],"wp:featuredmedia":[{"embeddable":true,"href":"https:\/\/www.semanariolocal.cl\/index.php?rest_route=\/wp\/v2\/media\/4148"}],"wp:attachment":[{"href":"https:\/\/www.semanariolocal.cl\/index.php?rest_route=%2Fwp%2Fv2%2Fmedia&parent=4147"}],"wp:term":[{"taxonomy":"category","embeddable":true,"href":"https:\/\/www.semanariolocal.cl\/index.php?rest_route=%2Fwp%2Fv2%2Fcategories&post=4147"},{"taxonomy":"post_tag","embeddable":true,"href":"https:\/\/www.semanariolocal.cl\/index.php?rest_route=%2Fwp%2Fv2%2Ftags&post=4147"}],"curies":[{"name":"wp","href":"https:\/\/api.w.org\/{rel}","templated":true}]}}