{"id":4131,"date":"2022-02-01T10:00:00","date_gmt":"2022-02-01T13:00:00","guid":{"rendered":"https:\/\/www.semanariolocal.cl\/?p=4131"},"modified":"2022-02-02T00:13:56","modified_gmt":"2022-02-02T03:13:56","slug":"4131","status":"publish","type":"post","link":"https:\/\/www.semanariolocal.cl\/?p=4131","title":{"rendered":"Alcalde Carrillo desmiente a Seremi de Vivienda por pol\u00e9mica de Predio Baquedano."},"content":{"rendered":"\n<p style=\"font-size:17px\">El alcalde Emeterio Carrillo junto con lamentar las declaraciones del Seremi de la Vivienda, Jorge Guevara, explic\u00f3 que el actuar de esta autoridad ha sigo negligente, pues su incapacidad de dar respuesta en cuatro a\u00f1os a la problem\u00e1tica habitacional en la ciudad, la pretende esconder mezclando temas y desinformando a la opini\u00f3n p\u00fablica.<\/p>\n\n\n\n<p style=\"font-size:17px\">Carrillo dijo que las solicitudes de declaratorias de humedales es una obligaci\u00f3n que deben cumplir por normativa legal todos los alcaldes del pa\u00eds, lo cual no va asociado a la suspensi\u00f3n de la construcci\u00f3n de viviendas, \u201c<strong><em>sino m\u00e1s bien \u00e9sta permite que la ciudad avance conforme un desarrollo territorial arm\u00f3nico al medio ambiente, protegiendo el ecosistema, pero tambi\u00e9n ofreciendo una vida \u00fatil mucho m\u00e1s larga a esas casas, pues se obliga a quien construye a cimentarlas en zonas seguras, libres de humedad, y de cualquier otro factor externo que contribuya a su deterioro en el tiempo<\/em><\/strong>\u201d.<\/p>\n\n\n\n<p style=\"font-size:17px\">El alcalde osornino se reuni\u00f3 la tarde de este martes junto a una decena de dirigentas que se ver\u00e1n favorecidas con subsidios en el Predio Baquedano, quienes se mostraron afectadas con las declaraciones del Seremi Guevara. La autoridad comprometi\u00f3 la asesor\u00eda permanente de los profesionales del municipio, as\u00ed como tambi\u00e9n gestionar entrevistas con el Ministerio de la Vivienda, una vez asuma el nuevo Gobierno.<\/p>\n\n\n\n<p style=\"font-size:17px\">Emeterio Carrillo termin\u00f3 diciendo que la superficie informada por el municipio como humedal en la zona de Baquedano alcanza a las 16,8 hect\u00e1reas, quedando para construcci\u00f3n de viviendas alrededor de 74 hect\u00e1reas.<\/p>\n","protected":false},"excerpt":{"rendered":"<p>La autoridad comunal dijo que el personero de Gobierno pretende esconder su negligencia, culpando al municipio, \u201cya que en cuatro a\u00f1os la ciudad de Osorno aument\u00f3 en 14 campamentos, con un d\u00e9ficit de m\u00e1s de cinco mil viviendas sociales\u201d, se\u00f1al\u00f3. <\/p>\n","protected":false},"author":1,"featured_media":4132,"comment_status":"closed","ping_status":"closed","sticky":false,"template":"","format":"standard","meta":{"footnotes":""},"categories":[3],"tags":[],"class_list":["post-4131","post","type-post","status-publish","format-standard","has-post-thumbnail","hentry","category-al-dia"],"_links":{"self":[{"href":"https:\/\/www.semanariolocal.cl\/index.php?rest_route=\/wp\/v2\/posts\/4131","targetHints":{"allow":["GET"]}}],"collection":[{"href":"https:\/\/www.semanariolocal.cl\/index.php?rest_route=\/wp\/v2\/posts"}],"about":[{"href":"https:\/\/www.semanariolocal.cl\/index.php?rest_route=\/wp\/v2\/types\/post"}],"author":[{"embeddable":true,"href":"https:\/\/www.semanariolocal.cl\/index.php?rest_route=\/wp\/v2\/users\/1"}],"replies":[{"embeddable":true,"href":"https:\/\/www.semanariolocal.cl\/index.php?rest_route=%2Fwp%2Fv2%2Fcomments&post=4131"}],"version-history":[{"count":2,"href":"https:\/\/www.semanariolocal.cl\/index.php?rest_route=\/wp\/v2\/posts\/4131\/revisions"}],"predecessor-version":[{"id":4135,"href":"https:\/\/www.semanariolocal.cl\/index.php?rest_route=\/wp\/v2\/posts\/4131\/revisions\/4135"}],"wp:featuredmedia":[{"embeddable":true,"href":"https:\/\/www.semanariolocal.cl\/index.php?rest_route=\/wp\/v2\/media\/4132"}],"wp:attachment":[{"href":"https:\/\/www.semanariolocal.cl\/index.php?rest_route=%2Fwp%2Fv2%2Fmedia&parent=4131"}],"wp:term":[{"taxonomy":"category","embeddable":true,"href":"https:\/\/www.semanariolocal.cl\/index.php?rest_route=%2Fwp%2Fv2%2Fcategories&post=4131"},{"taxonomy":"post_tag","embeddable":true,"href":"https:\/\/www.semanariolocal.cl\/index.php?rest_route=%2Fwp%2Fv2%2Ftags&post=4131"}],"curies":[{"name":"wp","href":"https:\/\/api.w.org\/{rel}","templated":true}]}}