{"id":4119,"date":"2022-01-30T07:20:00","date_gmt":"2022-01-30T10:20:00","guid":{"rendered":"https:\/\/www.semanariolocal.cl\/?p=4119"},"modified":"2022-01-30T01:24:29","modified_gmt":"2022-01-30T04:24:29","slug":"dia-internacional-de-aduanas","status":"publish","type":"post","link":"https:\/\/www.semanariolocal.cl\/?p=4119","title":{"rendered":"D\u00eda Internacional de Aduanas"},"content":{"rendered":"\n<p style=\"font-size:17px\">El 26 de enero de cada a\u00f1o en todo el mundo celebramos el D\u00eda Internacional de Aduanas, momento oportuno para relevar el importante trabajo de protecci\u00f3n de las fronteras y del comercio internacional que realizan los funcionarios aduaneros en cada pa\u00eds.<\/p>\n\n\n\n<p style=\"font-size:17px\">Esta labor tiene muchos elementos que la hacen \u00fanica: hay profesionalismo, experiencia, t\u00e9cnica, aplicaci\u00f3n de tecnolog\u00edas, an\u00e1lisis de grandes vol\u00famenes de datos, especializaci\u00f3n y, sobre todo, un compromiso con el pa\u00eds y su desarrollo.<\/p>\n\n\n\n<p style=\"font-size:17px\">Tampoco es un desaf\u00edo menor lograr que gran parte de nuestros m\u00e1s de 2 mil funcionarios est\u00e9n presentes en m\u00e1s de 100 puntos de control a\u00e9reos, mar\u00edtimos y terrestres desde Visviri, en la Regi\u00f3n de Arica y Parinacota, hasta Puerto Williams, en la Regi\u00f3n de Magallanes y la Ant\u00e1rtica Chilena.<\/p>\n\n\n\n<p style=\"font-size:17px\">En la mayor\u00eda de ellos la presencia es permanente, es decir, 24 horas los 7 d\u00edas de la semana, y en muchos casos tambi\u00e9n se \u201chace patria\u201d porque se trata de lugares lejanos y aislados donde la conectividad es compleja pero la presencia de servicios p\u00fablicos como Aduanas es imprescindible.<\/p>\n\n\n\n<p style=\"font-size:17px\">Es en este contexto que este a\u00f1o 2022 el lema de la Organizaci\u00f3n Mundial de Aduanas (OMA) es \u201cAmpliar la transformaci\u00f3n digital de la Aduana mediante una cultura de datos y la creaci\u00f3n de un ecosistema de datos\u201d.<\/p>\n\n\n\n<p style=\"font-size:17px\">Al leerlo suena como algo sumamente t\u00e9cnico y tecnol\u00f3gico, pero la verdad es que se trata de un reto que en la actualidad tiene mucho sentido, especialmente en un pa\u00eds como Chile y su gran amplitud geogr\u00e1fica.<\/p>\n\n\n\n<p style=\"font-size:17px\">\u00bfC\u00f3mo podemos seguir perfeccionando y maximizando todos nuestros recursos sino analizamos y aplicamos los grandes vol\u00famenes de datos de los que disponemos? Tan importante como lo anterior, \u00bfc\u00f3mo logramos que efectivamente los aduaneros de Puerto Ays\u00e9n o Cha\u00f1aral tengan la misma disponibilidad de herramientas que sus colegas de Santiago, Valpara\u00edso o Iquique?<\/p>\n\n\n\n<p style=\"font-size:17px\">En esa l\u00ednea de gesti\u00f3n hemos estado trabajando arduamente durante los \u00faltimos a\u00f1os, adoptando nuevas tecnolog\u00edas, software, hardware y capacitando constantemente a nuestros funcionarios de todo el pa\u00eds. Ni siquiera la irrupci\u00f3n de la pandemia y todos sus efectos logr\u00f3 frenar esta l\u00ednea de acci\u00f3n.<\/p>\n\n\n\n<p style=\"font-size:17px\">Por esta raz\u00f3n, sentimos que estamos preparados y alineados tanto con los paradigmas de la OMA como con lo que requiere Chile para seguir protegiendo las fronteras del pa\u00eds y aportar de manera concreta al desarrollo de todo el pa\u00eds, teniendo como eje un fuerte proceso de digitalizaci\u00f3n, pero sin perder de vista la importancia que tienen las personas en la aplicaci\u00f3n real de todos estos avances e innovaciones.<\/p>\n","protected":false},"excerpt":{"rendered":"<p>El 26 de enero de cada a\u00f1o en todo el mundo celebramos el D\u00eda Internacional de Aduanas, momento oportuno para relevar el importante trabajo de protecci\u00f3n de las fronteras y del comercio internacional que realizan los funcionarios aduaneros en cada pa\u00eds. Esta labor tiene muchos elementos que la hacen \u00fanica: hay profesionalismo, experiencia, t\u00e9cnica, aplicaci\u00f3n&#8230;<a class=\"btnReadMore\" href=\"https:\/\/www.semanariolocal.cl\/?p=4119\"> Leer M\u00e1s<\/a><\/p>\n","protected":false},"author":1,"featured_media":4120,"comment_status":"closed","ping_status":"closed","sticky":false,"template":"","format":"standard","meta":{"footnotes":""},"categories":[7],"tags":[],"class_list":["post-4119","post","type-post","status-publish","format-standard","has-post-thumbnail","hentry","category-opinion"],"_links":{"self":[{"href":"https:\/\/www.semanariolocal.cl\/index.php?rest_route=\/wp\/v2\/posts\/4119","targetHints":{"allow":["GET"]}}],"collection":[{"href":"https:\/\/www.semanariolocal.cl\/index.php?rest_route=\/wp\/v2\/posts"}],"about":[{"href":"https:\/\/www.semanariolocal.cl\/index.php?rest_route=\/wp\/v2\/types\/post"}],"author":[{"embeddable":true,"href":"https:\/\/www.semanariolocal.cl\/index.php?rest_route=\/wp\/v2\/users\/1"}],"replies":[{"embeddable":true,"href":"https:\/\/www.semanariolocal.cl\/index.php?rest_route=%2Fwp%2Fv2%2Fcomments&post=4119"}],"version-history":[{"count":1,"href":"https:\/\/www.semanariolocal.cl\/index.php?rest_route=\/wp\/v2\/posts\/4119\/revisions"}],"predecessor-version":[{"id":4121,"href":"https:\/\/www.semanariolocal.cl\/index.php?rest_route=\/wp\/v2\/posts\/4119\/revisions\/4121"}],"wp:featuredmedia":[{"embeddable":true,"href":"https:\/\/www.semanariolocal.cl\/index.php?rest_route=\/wp\/v2\/media\/4120"}],"wp:attachment":[{"href":"https:\/\/www.semanariolocal.cl\/index.php?rest_route=%2Fwp%2Fv2%2Fmedia&parent=4119"}],"wp:term":[{"taxonomy":"category","embeddable":true,"href":"https:\/\/www.semanariolocal.cl\/index.php?rest_route=%2Fwp%2Fv2%2Fcategories&post=4119"},{"taxonomy":"post_tag","embeddable":true,"href":"https:\/\/www.semanariolocal.cl\/index.php?rest_route=%2Fwp%2Fv2%2Ftags&post=4119"}],"curies":[{"name":"wp","href":"https:\/\/api.w.org\/{rel}","templated":true}]}}