{"id":4116,"date":"2022-01-30T07:10:00","date_gmt":"2022-01-30T10:10:00","guid":{"rendered":"https:\/\/www.semanariolocal.cl\/?p=4116"},"modified":"2022-01-30T01:04:40","modified_gmt":"2022-01-30T04:04:40","slug":"biot-una-herramienta-para-mejorar-la-eficiencia-de-los-negocios-agricolas","status":"publish","type":"post","link":"https:\/\/www.semanariolocal.cl\/?p=4116","title":{"rendered":"BIoT: una herramienta para mejorar la eficiencia de los negocios agr\u00edcolas"},"content":{"rendered":"\n<p style=\"font-size:17px\">El sector agr\u00edcola ha sido uno de los m\u00e1s afectados por la pandemia, las restricciones de movilidad y el miedo al contagio, entre otros, han afectado a la agricultura fuertemente en la disponibilidad de mano de obra para labores de cosecha. Esta baja en el personal disponible para el trabajo de la tierra se est\u00e1 viendo en Chile y a nivel mundial desde hace algunos a\u00f1os, pero la pandemia sin duda fue la gota que rebas\u00f3 el vaso.<\/p>\n\n\n\n<p style=\"font-size:17px\">Seg\u00fan la Sociedad Agr\u00edcola del Norte, ubicada en la regi\u00f3n de Coquimbo, la vacancia laboral del sector llega a un 50% menos de trabajadores, lo que a nivel nacional se traduce en una disminuci\u00f3n aproximada de 150 mil personas. Misma cifra que las autoridades estimaron ser\u00e1 requerida en el peak de la temporada agr\u00edcola. Lo anterior es similar a lo reportado por la Federaci\u00f3n de Productores de Frutas de Chile (Fedefruta), en cuya encuesta los agricultores informaron entre un 50% y 70% menos de trabajadores en sus faenas. Fedefruta tambi\u00e9n advirti\u00f3 que, de continuar la situaci\u00f3n, los cultivadores tendr\u00e1n que dejar de cosechar entre un 20% y un 60% de la producci\u00f3n.<\/p>\n\n\n\n<p style=\"font-size:17px\">Esta situaci\u00f3n hace urgente, hoy m\u00e1s que nunca, la transformaci\u00f3n digital del sector agrario en el pa\u00eds. La incorporaci\u00f3n de tecnolog\u00edas como IoT (Internet of Things) e IA (Inteligencia Artificial), en los procesos de producci\u00f3n de frutas y verduras es la pr\u00f3xima revoluci\u00f3n que debe enfrentar ahora el sector. La aplicaci\u00f3n del IoT a la agricultura supone un cambio en la manera de trabajar los cultivos con el objetivo de automatizar procesos, optimizar recursos, reducir gastos y aumentar la rentabilidad y la producci\u00f3n, mejorar la sostenibilidad y hasta reducir el impacto al medio ambiente de esta industria.<\/p>\n\n\n\n<p style=\"font-size:17px\">En ese sentido, la automatizaci\u00f3n de los procesos es la clave para lograr negocios m\u00e1s eficientes, modernos y acordes con la realidad tecnol\u00f3gica actual en la que mano de obra y tecnolog\u00eda se unen para lograr m\u00e1s y mejores resultados. Esta transformaci\u00f3n digital debe abarcar todo el ciclo agr\u00edcola incluyendo la gesti\u00f3n de datos, la cartograf\u00eda de los cultivos, as\u00ed como la pulverizaci\u00f3n, la cosecha y la planificaci\u00f3n, entre otras. De esta manera, por medio de herramientas tecnol\u00f3gicas se puede contar con datos e informaci\u00f3n certera y en tiempo real para que las personas la analicen y puedan as\u00ed tomar decisiones estrat\u00e9gicas para sus negocios.<\/p>\n\n\n\n<p style=\"font-size:17px\">BIoT (Businness Internet of Things) permite que diversos dispositivos como tractores, drones, sensores, c\u00e1maras, robots y otros, puedan comunicarse entre s\u00ed, recolectando abundantes vol\u00famenes de datos o Big Data, que, a su vez, dan paso al trabajo de la Inteligencia Artificial, que es analizar de forma instant\u00e1nea, a trav\u00e9s de potentes softwares, toda esta informaci\u00f3n para poder obtener predicciones y aprendizajes autom\u00e1ticos.<\/p>\n\n\n\n<p style=\"font-size:17px\">Asimismo, la implementaci\u00f3n de este tipo de tecnolog\u00eda, a trav\u00e9s de los dispositivos permite automatizar tareas a distancia, por ejemplo, riegos y uso del agua; fertilizaciones; uso de plaguicidas; monitoreos de cultivos; mediciones de humedad, temperatura, pH del suelo, cantidad de luz y agua aportada, etc.; uso de tractores y veh\u00edculos, e incluso la recolecci\u00f3n de la cosecha.<\/p>\n\n\n\n<p style=\"font-size:17px\">Por ello, es vital incorporar estas tecnolog\u00edas y que su uso sea cada vez m\u00e1s f\u00e1cil, transversal y equitativo, para enfrentar los retos actuales del sector y continuar con el reconocimiento y el liderazgo mundial que tiene Chile en las exportaciones de frutas.<\/p>\n\n\n\n<p style=\"font-size:17px\"><strong>Ronald Rey Oxcendford, gerente de cuenta en InterNexa Chile.<\/strong><\/p>\n","protected":false},"excerpt":{"rendered":"<p>El sector agr\u00edcola ha sido uno de los m\u00e1s afectados por la pandemia, las restricciones de movilidad y el miedo al contagio, entre otros, han afectado a la agricultura fuertemente en la disponibilidad de mano de obra para labores de cosecha. Esta baja en el personal disponible para el trabajo de la tierra se est\u00e1&#8230;<a class=\"btnReadMore\" href=\"https:\/\/www.semanariolocal.cl\/?p=4116\"> Leer M\u00e1s<\/a><\/p>\n","protected":false},"author":1,"featured_media":4117,"comment_status":"closed","ping_status":"closed","sticky":false,"template":"","format":"standard","meta":{"footnotes":""},"categories":[7],"tags":[],"class_list":["post-4116","post","type-post","status-publish","format-standard","has-post-thumbnail","hentry","category-opinion"],"_links":{"self":[{"href":"https:\/\/www.semanariolocal.cl\/index.php?rest_route=\/wp\/v2\/posts\/4116","targetHints":{"allow":["GET"]}}],"collection":[{"href":"https:\/\/www.semanariolocal.cl\/index.php?rest_route=\/wp\/v2\/posts"}],"about":[{"href":"https:\/\/www.semanariolocal.cl\/index.php?rest_route=\/wp\/v2\/types\/post"}],"author":[{"embeddable":true,"href":"https:\/\/www.semanariolocal.cl\/index.php?rest_route=\/wp\/v2\/users\/1"}],"replies":[{"embeddable":true,"href":"https:\/\/www.semanariolocal.cl\/index.php?rest_route=%2Fwp%2Fv2%2Fcomments&post=4116"}],"version-history":[{"count":1,"href":"https:\/\/www.semanariolocal.cl\/index.php?rest_route=\/wp\/v2\/posts\/4116\/revisions"}],"predecessor-version":[{"id":4118,"href":"https:\/\/www.semanariolocal.cl\/index.php?rest_route=\/wp\/v2\/posts\/4116\/revisions\/4118"}],"wp:featuredmedia":[{"embeddable":true,"href":"https:\/\/www.semanariolocal.cl\/index.php?rest_route=\/wp\/v2\/media\/4117"}],"wp:attachment":[{"href":"https:\/\/www.semanariolocal.cl\/index.php?rest_route=%2Fwp%2Fv2%2Fmedia&parent=4116"}],"wp:term":[{"taxonomy":"category","embeddable":true,"href":"https:\/\/www.semanariolocal.cl\/index.php?rest_route=%2Fwp%2Fv2%2Fcategories&post=4116"},{"taxonomy":"post_tag","embeddable":true,"href":"https:\/\/www.semanariolocal.cl\/index.php?rest_route=%2Fwp%2Fv2%2Ftags&post=4116"}],"curies":[{"name":"wp","href":"https:\/\/api.w.org\/{rel}","templated":true}]}}