{"id":4049,"date":"2022-01-24T11:24:00","date_gmt":"2022-01-24T14:24:00","guid":{"rendered":"https:\/\/www.semanariolocal.cl\/?p=4049"},"modified":"2022-01-24T22:26:41","modified_gmt":"2022-01-25T01:26:41","slug":"maravillas-chilenas-elige-los-siete-lugares-mas-bellos-y-significativos-de-nuestro-pais","status":"publish","type":"post","link":"https:\/\/www.semanariolocal.cl\/?p=4049","title":{"rendered":"Maravillas Chilenas: elige los siete lugares m\u00e1s bellos y significativos de nuestro pa\u00eds"},"content":{"rendered":"\n<p class=\"wp-block-paragraph\" style=\"font-size:17px\">Hace m\u00e1s de una d\u00e9cada que Chile es mencionado entre los pa\u00edses m\u00e1s atractivos para visitar en todo el mundo, siendo elegido en los World Travel Awards por seis a\u00f1os el&nbsp;Mejor Destino de Turismo Aventura&nbsp;y galardonado por dos a\u00f1os como el&nbsp;Destino m\u00e1s Rom\u00e1ntico&nbsp;(por el desierto de Atacama), superando a lugares ic\u00f3nicos de los cinco continentes. Estos reconocimientos se suman a distinciones recibidas por otras entidades especializadas, como la gu\u00eda Lonely Planet, que en 2018 le dio a Chile el primer puesto entre los&nbsp;10 Destinos Imperdibles del mundo.<\/p>\n\n\n\n<p class=\"wp-block-paragraph\" style=\"font-size:17px\">As\u00ed como la belleza \u00fanica de nuestros paisajes es reconocida en el resto del planeta, los chilenos tambi\u00e9n podr\u00e1n votar y elegir los lugares m\u00e1s bellos y significativos del pa\u00eds. Se trata de la elecci\u00f3n de las&nbsp;Maravillas Chilenas, iniciativa que busca hacer notar las sorprendentes riquezas naturales y culturales de Chile, adem\u00e1s de apoyar activamente el valioso trabajo que est\u00e1n haciendo los sectores p\u00fablico y privado para potenciar de manera segura y eficiente los destinos y atractivos tur\u00edsticos.<\/p>\n\n\n\n<p class=\"wp-block-paragraph\" style=\"font-size:17px\">Paulina Ros, directora regional de Sernatur Los Lagos, explic\u00f3 que \u201cla regi\u00f3n de Los Lagos presenta dos destinos de car\u00e1cter internacional. El Circuito de Iglesias Patrimoniales de Chilo\u00e9, que forma parte de la oferta de turismo cultural de Los Lagos, y el r\u00edo Futaleuf\u00fa donde empresarios de turismo aventura ofrecen experiencias adrenal\u00ednicas. Destacar que 2 de cada 5 turistas ingresan al pa\u00eds motivados por los atractivos culturales y en cuanto a turismo aventura Chile fue reconocido internacionalmente por sexto a\u00f1o consecutivo\u201d. &nbsp;<\/p>\n\n\n\n<p class=\"wp-block-paragraph\" style=\"font-size:17px\">Patrocinado por Sernatur y Chile es Tuyo, este evento es una mirada profunda a nuestras riquezas patrimoniales y de seguro ser\u00e1 un aporte para quienes est\u00e1n decidiendo d\u00f3nde pasar sus vacaciones. Las votaciones permanecer\u00e1n abiertas en el sitio&nbsp;<a href=\"blank\" target=\"_blank\" rel=\"noreferrer noopener\">www.maravillaschilenas.cl,<\/a>&nbsp;entre el 16 de enero y el 13 de febrero.<\/p>\n\n\n\n<p class=\"wp-block-paragraph\" style=\"font-size:17px\">Un panel de quince expertos nomin\u00f3 32 atractivos naturales y culturales, dos por cada regi\u00f3n. De esa selecci\u00f3n inicial, el p\u00fablico podr\u00e1 elegir los siete que considere merecedores de estar entre las&nbsp;Maravillas Chilenas. Ocupar\u00e1n los lugares respectivos, dependiendo de la cantidad de votos que reciba cada uno, del primero al s\u00e9ptimo.&nbsp;Entre quienes participen se sortear\u00e1n dos estad\u00edas para dos personas \u2014tres d\u00edas y dos noches\u2014&nbsp;una en Hotel NOI Atacama y otra en Hotel NOI Natales, con desayuno y cena incluido.<\/p>\n\n\n\n<p class=\"wp-block-paragraph\" style=\"font-size:17px\"><strong>Los lugares nominados para Maravillas Chilenas<\/strong><\/p>\n\n\n\n<p class=\"wp-block-paragraph\" style=\"font-size:17px\"><strong>Regi\u00f3n de Arica y Parinacota<\/strong><\/p>\n\n\n\n<p class=\"wp-block-paragraph\" style=\"font-size:17px\">Parque Nacional Lauca \/ Ruta de los Pueblos de Parinacota<\/p>\n\n\n\n<p class=\"wp-block-paragraph\" style=\"font-size:17px\"><strong>Regi\u00f3n de Tarapac\u00e1<\/strong><\/p>\n\n\n\n<p class=\"wp-block-paragraph\" style=\"font-size:17px\">Oficinas Salitreras Santa Laura y Santiago Humberstone \/ Parque Nacional Volc\u00e1n Isluga<\/p>\n\n\n\n<p class=\"wp-block-paragraph\" style=\"font-size:17px\"><strong>Regi\u00f3n de Antofagasta<\/strong><\/p>\n\n\n\n<p class=\"wp-block-paragraph\" style=\"font-size:17px\">Valle de la Luna \/ Salar de Atacama<\/p>\n\n\n\n<p class=\"wp-block-paragraph\" style=\"font-size:17px\"><strong>Regi\u00f3n de Atacama<\/strong><\/p>\n\n\n\n<p class=\"wp-block-paragraph\" style=\"font-size:17px\">Parque Nacional Pan de Az\u00facar \/ Caleta Cha\u00f1aral de Aceituno<\/p>\n\n\n\n<p class=\"wp-block-paragraph\" style=\"font-size:17px\"><strong>Regi\u00f3n de Coquimbo<\/strong><\/p>\n\n\n\n<p class=\"wp-block-paragraph\" style=\"font-size:17px\">Reserva Nacional Ping\u00fcino de Humboldt \/ Valle del Elqui<\/p>\n\n\n\n<p class=\"wp-block-paragraph\" style=\"font-size:17px\"><strong>Regi\u00f3n de Valpara\u00edso<\/strong><\/p>\n\n\n\n<p class=\"wp-block-paragraph\" style=\"font-size:17px\">Ascensores de Valpara\u00edso \/ Parque Nacional Rapa Nui<\/p>\n\n\n\n<p class=\"wp-block-paragraph\" style=\"font-size:17px\"><strong>Regi\u00f3n Metropolitana de Santiago<\/strong><\/p>\n\n\n\n<p class=\"wp-block-paragraph\" style=\"font-size:17px\">Parque Metropolitano de Santiago \/ Monumento Natural El Morado<\/p>\n\n\n\n<p class=\"wp-block-paragraph\" style=\"font-size:17px\"><strong>Regi\u00f3n del Libertador Bernardo O\u2019Higgins<\/strong><\/p>\n\n\n\n<p class=\"wp-block-paragraph\" style=\"font-size:17px\">Valle de Colchagua \/ Ex Campamento Sewell<\/p>\n\n\n\n<p class=\"wp-block-paragraph\" style=\"font-size:17px\"><strong>Regi\u00f3n del Maule<\/strong><\/p>\n\n\n\n<p class=\"wp-block-paragraph\" style=\"font-size:17px\">Parque Nacional Radal Siete Tazas \/ Santuario de la Naturaleza Caj\u00f3n del R\u00edo Achibueno<\/p>\n\n\n\n<p class=\"wp-block-paragraph\" style=\"font-size:17px\"><strong>Regi\u00f3n de \u00d1uble<\/strong><\/p>\n\n\n\n<p class=\"wp-block-paragraph\" style=\"font-size:17px\">Valle Las Trancas \/ Nevados de Chill\u00e1n<\/p>\n\n\n\n<p class=\"wp-block-paragraph\" style=\"font-size:17px\"><strong>Regi\u00f3n del Biob\u00edo<\/strong><\/p>\n\n\n\n<p class=\"wp-block-paragraph\" style=\"font-size:17px\">Reserva Nacional Isla Mocha \/ Parque Nacional Laguna del Laja<\/p>\n\n\n\n<p class=\"wp-block-paragraph\" style=\"font-size:17px\"><strong>Regi\u00f3n de La Araucan\u00eda<\/strong><\/p>\n\n\n\n<p class=\"wp-block-paragraph\" style=\"font-size:17px\">Parque Nacional Conguill\u00edo \/ Lago Budi<\/p>\n\n\n\n<p class=\"wp-block-paragraph\" style=\"font-size:17px\"><strong>Regi\u00f3n de los R\u00edos<\/strong><\/p>\n\n\n\n<p class=\"wp-block-paragraph\" style=\"font-size:17px\">Parque Nacional Alerce Costero \/ Reserva Costera Valdiviana<\/p>\n\n\n\n<p class=\"wp-block-paragraph\" style=\"font-size:17px\"><strong>Regi\u00f3n de los Lagos<\/strong><\/p>\n\n\n\n<p class=\"wp-block-paragraph\" style=\"font-size:17px\">Circuito de Iglesias Patrimoniales de Chilo\u00e9 \/ R\u00edo Futaleuf\u00fa<\/p>\n\n\n\n<p class=\"wp-block-paragraph\" style=\"font-size:17px\"><strong>Regi\u00f3n de Ays\u00e9n&nbsp;<\/strong><\/p>\n\n\n\n<p class=\"wp-block-paragraph\" style=\"font-size:17px\">Parque Nacional Queulat \/ Caleta Tortel<\/p>\n\n\n\n<p class=\"wp-block-paragraph\" style=\"font-size:17px\"><strong>Regi\u00f3n de Magallanes y la Ant\u00e1rtica Chilena<\/strong><\/p>\n\n\n\n<p class=\"wp-block-paragraph\" style=\"font-size:17px\">Parque Nacional Torres del Paine \/ Parque Natural Karukinka<\/p>\n\n\n\n<p class=\"wp-block-paragraph\" style=\"font-size:17px\"><strong>Panel de expertos de Maravillas Chilenas<\/strong><\/p>\n\n\n\n<p class=\"wp-block-paragraph\" style=\"font-size:17px\">El panel de expertos est\u00e1 integrado por&nbsp;Helen Kouyoumdjian, vicepresidenta ejecutiva de Fedetur;&nbsp;Mat\u00edas del R\u00edo, director general de Ladera Sur;&nbsp;Rodrigo Guendelman, periodista y fundador de @SantiagoAdicto;&nbsp;Felipe Howard, socio fundador Latitud 90, Southbound Travel, Patagonia Camp Hotel y Ladera Sur Aventure;&nbsp;Tom\u00e1s S\u00e1nchez, TKO Founder;&nbsp;Pablo Valenzuela Vaillant, fot\u00f3grafo especializado en patrimonio natural y cultural de Chile;&nbsp;B\u00e1rbara Vallejos, presidenta de la Asociaci\u00f3n Mujeres en Turismo Chile;&nbsp;Oriana Mora, mujer lickanantay, profesora y gestora cultural, San Pedro de Atacama;&nbsp;Evelyn Pfeiffer, fot\u00f3grafa y periodista de viajes;&nbsp;Carlos Reyes, cr\u00edtico gastron\u00f3mico y director de viajealsabor.cl;&nbsp;Dar\u00edo Zambra, editor de Finde, diario La Tercera;&nbsp;Juan Pablo Gardeweg, fundador Editorial Compass (@mapascompass);&nbsp;Gonzalo Argando\u00f1a, periodista y editor de turismo;&nbsp;Carlos Valdovinos, investigador y especialista en biodiversidad y educaci\u00f3n ambiental, Universidad Austral de Chile; y&nbsp;Carolina Vivanco, periodista y editora de turismo.<\/p>\n","protected":false},"excerpt":{"rendered":"<p>\u2022\t\u00bfQu\u00e9 lugar de nuestro pa\u00eds es para ti el m\u00e1s bello y significativo? Esta es la oportunidad de que respondas esta pregunta y tengas la opci\u00f3n de elegir los siete destinos o atractivos naturales y culturales m\u00e1s extraordinarios de Chile. Un panel de expertos nomin\u00f3 32, dos por regi\u00f3n, entre los cuales saldr\u00e1n los siete ganadores.<\/p>\n","protected":false},"author":1,"featured_media":4050,"comment_status":"closed","ping_status":"closed","sticky":false,"template":"","format":"standard","meta":{"footnotes":""},"categories":[3],"tags":[],"class_list":["post-4049","post","type-post","status-publish","format-standard","has-post-thumbnail","hentry","category-al-dia"],"_links":{"self":[{"href":"https:\/\/www.semanariolocal.cl\/index.php?rest_route=\/wp\/v2\/posts\/4049","targetHints":{"allow":["GET"]}}],"collection":[{"href":"https:\/\/www.semanariolocal.cl\/index.php?rest_route=\/wp\/v2\/posts"}],"about":[{"href":"https:\/\/www.semanariolocal.cl\/index.php?rest_route=\/wp\/v2\/types\/post"}],"author":[{"embeddable":true,"href":"https:\/\/www.semanariolocal.cl\/index.php?rest_route=\/wp\/v2\/users\/1"}],"replies":[{"embeddable":true,"href":"https:\/\/www.semanariolocal.cl\/index.php?rest_route=%2Fwp%2Fv2%2Fcomments&post=4049"}],"version-history":[{"count":1,"href":"https:\/\/www.semanariolocal.cl\/index.php?rest_route=\/wp\/v2\/posts\/4049\/revisions"}],"predecessor-version":[{"id":4051,"href":"https:\/\/www.semanariolocal.cl\/index.php?rest_route=\/wp\/v2\/posts\/4049\/revisions\/4051"}],"wp:featuredmedia":[{"embeddable":true,"href":"https:\/\/www.semanariolocal.cl\/index.php?rest_route=\/wp\/v2\/media\/4050"}],"wp:attachment":[{"href":"https:\/\/www.semanariolocal.cl\/index.php?rest_route=%2Fwp%2Fv2%2Fmedia&parent=4049"}],"wp:term":[{"taxonomy":"category","embeddable":true,"href":"https:\/\/www.semanariolocal.cl\/index.php?rest_route=%2Fwp%2Fv2%2Fcategories&post=4049"},{"taxonomy":"post_tag","embeddable":true,"href":"https:\/\/www.semanariolocal.cl\/index.php?rest_route=%2Fwp%2Fv2%2Ftags&post=4049"}],"curies":[{"name":"wp","href":"https:\/\/api.w.org\/{rel}","templated":true}]}}