{"id":4043,"date":"2022-01-24T22:20:03","date_gmt":"2022-01-25T01:20:03","guid":{"rendered":"https:\/\/www.semanariolocal.cl\/?p=4043"},"modified":"2022-01-24T22:20:04","modified_gmt":"2022-01-25T01:20:04","slug":"chiloe-dio-un-tremendo-paso-para-ser-region","status":"publish","type":"post","link":"https:\/\/www.semanariolocal.cl\/?p=4043","title":{"rendered":"Chilo\u00e9 dio un tremendo paso para ser regi\u00f3n"},"content":{"rendered":"\n<p style=\"font-size:17px\">\u201cAhora comienza el trabajo real y plausible de concretar. Con el apoyo de los chilotes y habitantes del continente se reunieron m\u00e1s de 15 mil firmas para lograr el prop\u00f3sito de que se cree la nueva regi\u00f3n de Chilo\u00e9 y que esto quede estipulado en la nueva Constituci\u00f3n. Ser\u00e1n muchas las piedras que se encontrar\u00e1n en el camino y tambi\u00e9n intereses que se deber\u00e1n vencer. Nuestro pueblo Chilote defender\u00e1 el comienzo de nuestra autonom\u00eda\u201d.<\/p>\n\n\n\n<p style=\"font-size:17px\">As\u00ed reaccion\u00f3 el alcalde de Castro Juan Eduardo Vera al lograr reunir las 15 mil firmas que se requer\u00edan para que la Convenci\u00f3n Constitucional pueda incluir en la discusi\u00f3n la creaci\u00f3n de la regi\u00f3n de Chilo\u00e9, situaci\u00f3n que el edil calific\u00f3 como un hecho hist\u00f3rico ya que asever\u00f3 que la \u00fanica forma de tener m\u00e1s autonom\u00eda en la toma de decisiones del territorio es que el archipi\u00e9lago chilote sea, de una vez por todas, una regi\u00f3n.<\/p>\n\n\n\n<p style=\"font-size:17px\">Asimismo, llam\u00f3 al gobierno entrante del presidente electo Gabriel Boric para que ponga \u00e9nfasis en una verdadera descentralizaci\u00f3n del pa\u00eds porque, seg\u00fan se\u00f1al\u00f3 Vera, el centralismo \u201ccomo territorio chilote nos tiene agobiado y solo recibimos migajas si lo comparamos con las m\u00faltiples inversiones que se efect\u00faan en el continente\u201d.<\/p>\n\n\n\n<p style=\"font-size:17px\">Al lograr que se re\u00fanan las 15 mil firmas, Vera puntualiz\u00f3 que existe la certeza real de concretar ese viejo anhelo de que Chilo\u00e9 sea una regi\u00f3n&nbsp; porque asever\u00f3 adem\u00e1s que ser\u00eda la \u00fanica manera de poder salir del subdesarrollo, del abandono de los gobiernos de turno y de la desidia con que se mira a los chilotes. \u201cNosotros somos respetuosos, pero no tontos\u201d, sostuvo la primera autoridad castre\u00f1a.<\/p>\n\n\n\n<p style=\"font-size:17px\">Fundament\u00f3 tambi\u00e9n esta nueva y buena noticia en que la provincia de Chilo\u00e9 tiene una necesidad imperante de ordenarse y organizarse localmente, se requiere autonom\u00eda en la toma de decisiones y distribuci\u00f3n de los recursos otorgados por el Estado y junto a esas necesidades afirm\u00f3 que en Chilo\u00e9 tenemos caracter\u00edsticas geogr\u00e1ficas propias, econ\u00f3micas y sociales que nos diferencian del resto de la regi\u00f3n de Los Lagos y nos unen internamente.<\/p>\n\n\n\n<p style=\"font-size:17px\">Para Vera el solo hecho de abrirse esta ventana para ser una regi\u00f3n tiene una serie de ventajas ya que se podr\u00e1 priorizar en el territorio temas tan importantes como la conectividad rural, acabando con caminos de tierra y avanzando hacia la pavimentaci\u00f3n; aumentar la cantidad de rampas de conectividad y productivas, para incentivar la vida en las islas y potenciar los proyectos culturales entre otras importantes materia postergadas por a\u00f1os.<\/p>\n\n\n\n<p style=\"font-size:17px\">Finalmente, Juan Eduardo Vera llam\u00f3 a la unidad de los 10 alcaldes del territorio, de los concejales y de todas las autoridades para comenzar a trabajar pensando, sin ego\u00edsmos, en concretar el sue\u00f1o por muchos a\u00f1os postergado como es Chilo\u00e9 Regi\u00f3n.<\/p>\n","protected":false},"excerpt":{"rendered":"<p>Se lograron reunir las 15 mil firmas para que la Comisi\u00f3n Constituyente analice este importante hito que el alcalde Juan Eduardo Vera calific\u00f3 como hist\u00f3rico.<\/p>\n","protected":false},"author":1,"featured_media":4044,"comment_status":"closed","ping_status":"closed","sticky":false,"template":"","format":"standard","meta":{"footnotes":""},"categories":[8],"tags":[],"class_list":["post-4043","post","type-post","status-publish","format-standard","has-post-thumbnail","hentry","category-comunas"],"_links":{"self":[{"href":"https:\/\/www.semanariolocal.cl\/index.php?rest_route=\/wp\/v2\/posts\/4043","targetHints":{"allow":["GET"]}}],"collection":[{"href":"https:\/\/www.semanariolocal.cl\/index.php?rest_route=\/wp\/v2\/posts"}],"about":[{"href":"https:\/\/www.semanariolocal.cl\/index.php?rest_route=\/wp\/v2\/types\/post"}],"author":[{"embeddable":true,"href":"https:\/\/www.semanariolocal.cl\/index.php?rest_route=\/wp\/v2\/users\/1"}],"replies":[{"embeddable":true,"href":"https:\/\/www.semanariolocal.cl\/index.php?rest_route=%2Fwp%2Fv2%2Fcomments&post=4043"}],"version-history":[{"count":1,"href":"https:\/\/www.semanariolocal.cl\/index.php?rest_route=\/wp\/v2\/posts\/4043\/revisions"}],"predecessor-version":[{"id":4045,"href":"https:\/\/www.semanariolocal.cl\/index.php?rest_route=\/wp\/v2\/posts\/4043\/revisions\/4045"}],"wp:featuredmedia":[{"embeddable":true,"href":"https:\/\/www.semanariolocal.cl\/index.php?rest_route=\/wp\/v2\/media\/4044"}],"wp:attachment":[{"href":"https:\/\/www.semanariolocal.cl\/index.php?rest_route=%2Fwp%2Fv2%2Fmedia&parent=4043"}],"wp:term":[{"taxonomy":"category","embeddable":true,"href":"https:\/\/www.semanariolocal.cl\/index.php?rest_route=%2Fwp%2Fv2%2Fcategories&post=4043"},{"taxonomy":"post_tag","embeddable":true,"href":"https:\/\/www.semanariolocal.cl\/index.php?rest_route=%2Fwp%2Fv2%2Ftags&post=4043"}],"curies":[{"name":"wp","href":"https:\/\/api.w.org\/{rel}","templated":true}]}}