{"id":4027,"date":"2022-01-23T07:10:00","date_gmt":"2022-01-23T10:10:00","guid":{"rendered":"https:\/\/www.semanariolocal.cl\/?p=4027"},"modified":"2022-01-22T23:20:19","modified_gmt":"2022-01-23T02:20:19","slug":"desconocimiento-desidia-estupidez-o-simple-indiferencia","status":"publish","type":"post","link":"https:\/\/www.semanariolocal.cl\/?p=4027","title":{"rendered":"\u00bfDesconocimiento? \u00bfDesidia? \u00bfEstupidez? O\u2026 \u00bfsimple indiferencia?"},"content":{"rendered":"\n<p style=\"font-size:17px\">Desde hace casi una d\u00e9cada, nuestro pa\u00eds viene sufriendo una mega sequ\u00eda que se extiende por casi todo el territorio nacional.<\/p>\n\n\n\n<p style=\"font-size:17px\">Actualmente, hay m\u00e1s de 80 comunas de cinco regiones de Chile \u2013Coquimbo, Valpara\u00edso, Metropolitana, O\u2019Higgins y Maule\u2013 que est\u00e1n muy afectadas por la falta de lluvias y en las que se ha decretado escasez h\u00eddrica, condici\u00f3n que est\u00e1 teniendo consecuencias catastr\u00f3ficas, tanto para los seres humanos como as\u00ed tambi\u00e9n para los animales, aves y fauna silvestre. Esta situaci\u00f3n est\u00e1 considerada como la mayor crisis del agua de los \u00faltimos 50 a\u00f1os y est\u00e1 llevando a una penosa muerte a miles de animales por sed, hambre y desnutrici\u00f3n, imposibilitando, asimismo el cultivo de las tierras, porque no hay agua disponible para regar.<\/p>\n\n\n\n<p style=\"font-size:17px\">Ni siquiera regiones consideradas <strong>\u201clluviosas\u201d<\/strong> como la D\u00e9cima Regi\u00f3n de Los Lagos y la D\u00e9cimo Cuarta Regi\u00f3n de Los R\u00edos han sido la excepci\u00f3n, hasta el punto, que el a\u00f1o pasado la Direcci\u00f3n Metereol\u00f3gica de Chile hab\u00eda situado a Osorno como una de las ciudades <strong>\u201cm\u00e1s secas de Chile con un 77% de d\u00e9ficit\u201d<\/strong>, al comparar el nivel de precipitaciones de un a\u00f1o normal con lo que estaba ocurriendo en la zona a igual fecha, a ra\u00edz de la escasez de lluvias. Una realidad que est\u00e1 directamente relacionada con el cambio clim\u00e1tico, cambio que ha sido provocado por el propio ser humano.<\/p>\n\n\n\n<p style=\"font-size:17px\">La joven activista clim\u00e1tica sueca, Greta Thunberg, inici\u00f3 en el a\u00f1o 2018 \u2013con apenas 15 a\u00f1os de edad, por iniciativa propia y en forma solitaria\u2013 una huelga escolar ante el Parlamento sueco, expresando su reclamo en contra de la indiferencia de los distintos gobiernos del mundo \u2013especialmente de los pa\u00edses m\u00e1s ricos y desarrollados\u2013 ante los grandes desastres ecol\u00f3gicos, clim\u00e1ticos y medioambientales que estaba sufriendo el planeta a manos del hombre y de las grandes empresas multinacionales. Fue Greta \u2013y no sus padres\u2013 quien inici\u00f3 este movimiento local buscando generar conciencia sobre el cambio clim\u00e1tico \u2013movimiento que luego adquiri\u00f3 dimensi\u00f3n internacional\u2013 con un simple cartel hecho a mano por ella misma, que dec\u00eda <strong>\u201cHUELGA ESCOLAR POR EL CLIMA\u201d<\/strong> (\u201c<strong>SKOLSTREJK F\u00d6R KLIMATET\u201d<\/strong>).<\/p>\n\n\n\n<p style=\"font-size:17px\">Desde ese mismo instante, esta adolescente \u2013que le plant\u00f3 cara al sistema y al modelo econ\u00f3mico extractivista imperante de una manera solitaria, sosegada y pac\u00edfica\u2013, se convirti\u00f3 en un s\u00edmbolo y el grito de esperanza para una generaci\u00f3n de j\u00f3venes que se ha lanzado en contra de los poderosos y que busca cambiar el mundo.<\/p>\n\n\n\n<p style=\"font-size:17px\">Revisemos algunas cifras que son dignas de ser tomadas en cuenta:<\/p>\n\n\n\n<p style=\"font-size:17px\">1. En el a\u00f1o 2017 alrededor de nueve millones de personas murieron s\u00f3lo a causa de la contaminaci\u00f3n ambiental.<\/p>\n\n\n\n<p style=\"font-size:17px\">2. En ese mismo a\u00f1o m\u00e1s de 20 mil investigadores y cient\u00edficos del mundo emitieron una severa advertencia a la humanidad: nos est\u00e1bamos encaminando hacia una cat\u00e1strofe clim\u00e1tica y de sostenibilidad.<\/p>\n\n\n\n<p style=\"font-size:17px\">3. Huracanes, tornados, tifones y lluvias torrenciales han ocasionado miles de v\u00edctimas mortales, han inundado ciudades y han destrozado naciones enteras.<\/p>\n\n\n\n<p style=\"font-size:17px\">4. Las temperaturas se han disparado en algunos pa\u00edses llegando en estos \u00faltimos a\u00f1os a niveles nunca antes vistos: 53,9\u00ba C en Irak,&nbsp; 53,7\u00ba C en Paquist\u00e1n, 49,6\u00ba C en Canad\u00e1, 49,1\u00ba C en Argentina y Turqu\u00eda, 48,8\u00ba C en Italia, 47,4\u00ba C en Espa\u00f1a, etc.<\/p>\n\n\n\n<p style=\"font-size:17px\">5. El derretimiento de gigantescos bloques de la Ant\u00e1rtida y de diversos glaciares se ha producido a una velocidad r\u00e9cord.<\/p>\n\n\n\n<p style=\"font-size:17px\">6. Hay m\u00e1s de 70 millones de migrantes y de personas desplazadas que recorren el mundo en busca de un mejor futuro para s\u00ed y sus hijos.<\/p>\n\n\n\n<p style=\"font-size:17px\">7. El 10 por ciento de los pa\u00edses \u2013y de la poblaci\u00f3n\u2013 m\u00e1s rica del planeta, es directamente responsable de la mitad de \u201c<strong>TODAS las emisiones de gases de efecto invernadero\u201d<\/strong> que est\u00e1 destruyendo uno de los recursos naturales m\u00e1s importantes para la vida de los seres que habitan la Tierra: una atm\u00f3sfera equilibrada y funcional.<\/p>\n\n\n\n<p style=\"font-size:17px\">8. Gigantescas <strong>\u201cislas de pl\u00e1stico\u201d<\/strong> se pasean por los oc\u00e9anos contaminando y destruyendo el ecosistema oce\u00e1nico. Para una de estas islas, se ha calculado una superficie de m\u00e1s de 710.000 kil\u00f3metros cuadrados de puro pl\u00e1stico, es decir, s\u00f3lo un poco menos que toda la superficie de Chile continental, es decir, 756.000 kil\u00f3metros cuadrados.<\/p>\n\n\n\n<p style=\"font-size:17px\">Expertos como el Dr. James Hanson, f\u00edsico, climat\u00f3logo, profesor de la Universidad de Columbia y ex Director de Instituto de Estudios Espaciales Goddard de la NASA, el Dr. Keith Larson, un ecologista evolutivo, profesor de la Universidad de Umea, Suecia, con m\u00e1s de 30 a\u00f1os de experiencia en el campo de las investigaciones sobre cambio clim\u00e1tico, el Dr. Kevin Anderson, consejero del Gobierno brit\u00e1nico para la cuesti\u00f3n clim\u00e1tica, profesor de la Universidad de Manchester y Director del Centro Tyndall para Investigaciones del Cambio Clim\u00e1tico y muchos otros expertos m\u00e1s, han destacado la vertiginosa rapidez con la que el hombre est\u00e1 devastando y contaminando el planeta. El Dr. Anderson califica al ser humano como un <strong>\u201cmeteorito con conciencia\u201d<\/strong>, es decir, un ser que tiene plena conciencia de que est\u00e1 destruyendo a su propio h\u00e1bitat y, a\u00fan as\u00ed, es incapaz de detenerse en su camino hacia la autodestrucci\u00f3n.<\/p>\n\n\n\n<p style=\"font-size:17px\">Hoy, son miles los j\u00f3venes que se han sumado a la cruzada de Greta con la finalidad de salvar a nuestro \u00fanico h\u00e1bitat de la depredaci\u00f3n a la que han sido sometidos los bosques, oc\u00e9anos y recursos naturales por parte de las multinacionales \u2013con el benepl\u00e1cito de sus respectivos gobiernos\u2013, despreciando totalmente el bien com\u00fan, as\u00ed como tambi\u00e9n los intereses y las necesidades de la gran mayor\u00eda de los habitantes del planeta.<\/p>\n\n\n\n<p style=\"font-size:17px\">Muchas empresas \u2013a sabiendas, y a pesar de estar conscientes del grave peligro que corre la humanidad\u2013 han continuado ganando sumas exorbitantes de dinero a costa de destrozar el clima y los diversos ecosistemas, ya sea por medio de la tala brutal de los bosques, el uso de una agricultura industrial, la contaminaci\u00f3n de r\u00edos y lagos, la acidificaci\u00f3n de los oc\u00e9anos y la sobrepesca, factores que contribuyen de manera muy r\u00e1pida a contaminar el medio ambiente y acabar con la biodiversidad.<\/p>\n\n\n\n<p style=\"font-size:17px\">La pregunta, que obligatoriamente, debemos hacernos es la siguiente: si Greta Thunberg, una ni\u00f1a de 15 a\u00f1os, diagnosticada con un&nbsp; trastorno del espectro autista, un trastorno de alimentaci\u00f3n, mutismo selectivo y un trastorno obsesivo compulsivo, fue capaz de iniciar este gran movimiento internacional en favor del clima, del medio ambiente y de la vida del mism\u00edsimo ser humano \u00bfcu\u00e1ntas cosas m\u00e1s podr\u00edamos hacer todos nosotros, es decir, aquellos que no sufrimos de ninguno de estos trastornos?<a><\/a><\/p>\n\n\n\n<p style=\"font-size:17px\">Dr. Franco Lotito C.&nbsp; \u2013&nbsp; www.aurigaservicios.cl<\/p>\n\n\n\n<p style=\"font-size:17px\">Acad\u00e9mico, escritor e investigador (PUC-UACh)<\/p>\n","protected":false},"excerpt":{"rendered":"<p>Desde hace casi una d\u00e9cada, nuestro pa\u00eds viene sufriendo una mega sequ\u00eda que se extiende por casi todo el territorio nacional. Actualmente, hay m\u00e1s de 80 comunas de cinco regiones de Chile \u2013Coquimbo, Valpara\u00edso, Metropolitana, O\u2019Higgins y Maule\u2013 que est\u00e1n muy afectadas por la falta de lluvias y en las que se ha decretado escasez&#8230;<a class=\"btnReadMore\" href=\"https:\/\/www.semanariolocal.cl\/?p=4027\"> Leer M\u00e1s<\/a><\/p>\n","protected":false},"author":1,"featured_media":4028,"comment_status":"closed","ping_status":"closed","sticky":false,"template":"","format":"standard","meta":{"footnotes":""},"categories":[7],"tags":[],"class_list":["post-4027","post","type-post","status-publish","format-standard","has-post-thumbnail","hentry","category-opinion"],"_links":{"self":[{"href":"https:\/\/www.semanariolocal.cl\/index.php?rest_route=\/wp\/v2\/posts\/4027","targetHints":{"allow":["GET"]}}],"collection":[{"href":"https:\/\/www.semanariolocal.cl\/index.php?rest_route=\/wp\/v2\/posts"}],"about":[{"href":"https:\/\/www.semanariolocal.cl\/index.php?rest_route=\/wp\/v2\/types\/post"}],"author":[{"embeddable":true,"href":"https:\/\/www.semanariolocal.cl\/index.php?rest_route=\/wp\/v2\/users\/1"}],"replies":[{"embeddable":true,"href":"https:\/\/www.semanariolocal.cl\/index.php?rest_route=%2Fwp%2Fv2%2Fcomments&post=4027"}],"version-history":[{"count":1,"href":"https:\/\/www.semanariolocal.cl\/index.php?rest_route=\/wp\/v2\/posts\/4027\/revisions"}],"predecessor-version":[{"id":4029,"href":"https:\/\/www.semanariolocal.cl\/index.php?rest_route=\/wp\/v2\/posts\/4027\/revisions\/4029"}],"wp:featuredmedia":[{"embeddable":true,"href":"https:\/\/www.semanariolocal.cl\/index.php?rest_route=\/wp\/v2\/media\/4028"}],"wp:attachment":[{"href":"https:\/\/www.semanariolocal.cl\/index.php?rest_route=%2Fwp%2Fv2%2Fmedia&parent=4027"}],"wp:term":[{"taxonomy":"category","embeddable":true,"href":"https:\/\/www.semanariolocal.cl\/index.php?rest_route=%2Fwp%2Fv2%2Fcategories&post=4027"},{"taxonomy":"post_tag","embeddable":true,"href":"https:\/\/www.semanariolocal.cl\/index.php?rest_route=%2Fwp%2Fv2%2Ftags&post=4027"}],"curies":[{"name":"wp","href":"https:\/\/api.w.org\/{rel}","templated":true}]}}