{"id":4002,"date":"2022-01-23T07:05:00","date_gmt":"2022-01-23T10:05:00","guid":{"rendered":"https:\/\/www.semanariolocal.cl\/?p=4002"},"modified":"2022-01-22T12:05:55","modified_gmt":"2022-01-22T15:05:55","slug":"para-que-nadie-viva-en-la-pobreza","status":"publish","type":"post","link":"https:\/\/www.semanariolocal.cl\/?p=4002","title":{"rendered":"Para que nadie viva en la pobreza"},"content":{"rendered":"\n<p style=\"font-size:17px\">Hace una d\u00e9cada que en Hogar de Cristo insistimos en declarar a la pobreza como una vulneraci\u00f3n a los derechos humanos, en el sentido de que \u201cNacer y crecer en pobreza y vulnerabilidad\u201d (t\u00edtulo de un estudio que realizamos en 2020 con la alianza para la Erradicaci\u00f3n de la Pobreza Infantil) tiene consecuencias perjudiciales para el desarrollo de las potencialidades en la vida de las personas, tanto en el presente como en el futuro.<\/p>\n\n\n\n<p style=\"font-size:17px\">Como pa\u00eds no podemos seguir aceptando y normalizando la pobreza. Por eso estamos proponiendo una <em>Iniciativa Popular de Norma<\/em>, que permita asegurar un est\u00e1ndar de vida digno a todas las personas, es decir, al menos por encima del umbral de la pobreza. El actual r\u00e9gimen de protecci\u00f3n social en Chile est\u00e1 dise\u00f1ado sin una referencia m\u00ednima vital que garantice a las personas y hogares la satisfacci\u00f3n de sus necesidades b\u00e1sicas. A pesar de las actuales pol\u00edticas, planes y\/o programas de asistencia social (como bonos condicionados); seguridad social (como el actual r\u00e9gimen de pensiones); o el sueldo m\u00ednimo (que no considera la contribuci\u00f3n del salario de cada trabajador o trabajadora a su hogar), existen familias que viven por debajo del umbral de la pobreza, a pesar de contar con miembros insertos laboralmente y recibir asistencia por parte del Estado o de prestadores privados de seguridad social. Esto implica que la protecci\u00f3n social en Chile es incapaz de garantizar a los habitantes del pa\u00eds un est\u00e1ndar de vida m\u00ednimamente razonable y que, en tiempos de crisis, el gasto social puede ser revertido (como ocurri\u00f3 a ra\u00edz de la crisis financiera del a\u00f1o 1982) o los planes de emergencia pueden no estar dise\u00f1ados para mantener a los hogares por encima del umbral de la pobreza (como pas\u00f3 con las primeras medidas para afrontar la pandemia en el a\u00f1o 2020).<\/p>\n\n\n\n<p style=\"font-size:17px\">La nueva Constituci\u00f3n puede contribuir a asegurar un est\u00e1ndar m\u00ednimo vital para todas las personas, incorporando, dentro de su declaraci\u00f3n de derechos, el siguiente texto: \u201cToda persona tiene derecho a un est\u00e1ndar m\u00ednimo vital, entendido como el acceso a un conjunto b\u00e1sico de bienes que le permita vivir por encima del umbral de la pobreza. El Estado adoptar\u00e1 las medidas necesarias para asegurar el respeto, la protecci\u00f3n, la provisi\u00f3n y la facilitaci\u00f3n de este derecho, en conformidad con los principios de progresividad, de no-regresividad y de no-discriminaci\u00f3n\u201d.<\/p>\n\n\n\n<p style=\"font-size:17px\">Esta norma constitucional, nos parece, contribuir\u00eda decisivamente a construir un pa\u00eds m\u00e1s digno y m\u00e1s justo para todos y todas.<\/p>\n\n\n\n<p style=\"font-size:17px\"><strong>Paulo Egenau, director social Hogar de Cristo<\/strong><\/p>\n","protected":false},"excerpt":{"rendered":"<p>Hace una d\u00e9cada que en Hogar de Cristo insistimos en declarar a la pobreza como una vulneraci\u00f3n a los derechos humanos, en el sentido de que \u201cNacer y crecer en pobreza y vulnerabilidad\u201d (t\u00edtulo de un estudio que realizamos en 2020 con la alianza para la Erradicaci\u00f3n de la Pobreza Infantil) tiene consecuencias perjudiciales para&#8230;<a class=\"btnReadMore\" href=\"https:\/\/www.semanariolocal.cl\/?p=4002\"> Leer M\u00e1s<\/a><\/p>\n","protected":false},"author":1,"featured_media":4003,"comment_status":"closed","ping_status":"closed","sticky":false,"template":"","format":"standard","meta":{"footnotes":""},"categories":[7],"tags":[],"class_list":["post-4002","post","type-post","status-publish","format-standard","has-post-thumbnail","hentry","category-opinion"],"_links":{"self":[{"href":"https:\/\/www.semanariolocal.cl\/index.php?rest_route=\/wp\/v2\/posts\/4002","targetHints":{"allow":["GET"]}}],"collection":[{"href":"https:\/\/www.semanariolocal.cl\/index.php?rest_route=\/wp\/v2\/posts"}],"about":[{"href":"https:\/\/www.semanariolocal.cl\/index.php?rest_route=\/wp\/v2\/types\/post"}],"author":[{"embeddable":true,"href":"https:\/\/www.semanariolocal.cl\/index.php?rest_route=\/wp\/v2\/users\/1"}],"replies":[{"embeddable":true,"href":"https:\/\/www.semanariolocal.cl\/index.php?rest_route=%2Fwp%2Fv2%2Fcomments&post=4002"}],"version-history":[{"count":1,"href":"https:\/\/www.semanariolocal.cl\/index.php?rest_route=\/wp\/v2\/posts\/4002\/revisions"}],"predecessor-version":[{"id":4004,"href":"https:\/\/www.semanariolocal.cl\/index.php?rest_route=\/wp\/v2\/posts\/4002\/revisions\/4004"}],"wp:featuredmedia":[{"embeddable":true,"href":"https:\/\/www.semanariolocal.cl\/index.php?rest_route=\/wp\/v2\/media\/4003"}],"wp:attachment":[{"href":"https:\/\/www.semanariolocal.cl\/index.php?rest_route=%2Fwp%2Fv2%2Fmedia&parent=4002"}],"wp:term":[{"taxonomy":"category","embeddable":true,"href":"https:\/\/www.semanariolocal.cl\/index.php?rest_route=%2Fwp%2Fv2%2Fcategories&post=4002"},{"taxonomy":"post_tag","embeddable":true,"href":"https:\/\/www.semanariolocal.cl\/index.php?rest_route=%2Fwp%2Fv2%2Ftags&post=4002"}],"curies":[{"name":"wp","href":"https:\/\/api.w.org\/{rel}","templated":true}]}}