{"id":3991,"date":"2022-01-19T07:25:00","date_gmt":"2022-01-19T10:25:00","guid":{"rendered":"https:\/\/www.semanariolocal.cl\/?p=3991"},"modified":"2022-01-18T23:25:34","modified_gmt":"2022-01-19T02:25:34","slug":"diputado-castro-ps-medidas-ante-avance-de-omicron-son-un-acto-de-negligencia","status":"publish","type":"post","link":"https:\/\/www.semanariolocal.cl\/?p=3991","title":{"rendered":"Diputado Castro (PS) \u00abmedidas ante avance de \u00d3micron son un acto de negligencia\u00bb"},"content":{"rendered":"\n<p style=\"font-size:17px\">El diputado Socialista Juan Luis Castro, calific\u00f3 como \u00ablamentable\u00bb y \u00abcasi pat\u00e9tico\u00bb, que el Gobierno abandone su rol subsidiario en materia sanitaria, dejando en la decisi\u00f3n de las personas el avisarles a sus contactos de eventuales contagios. En el fondo, considera que la autoridad ha renunciado a la trazabilidad. De manera que remarca que \u00abesto no es otra se\u00f1al que tirar la toalla antes de tiempo y es un acto de negligencia inexcusable para el momento epid\u00e9mico que estamos viviendo en Chile\u00bb.<br>\u00abSeamos sinceros, los anuncios de nuevas medidas solo dicen que aqu\u00ed colaps\u00f3 el sistema de trazabilidad. Es decir, arr\u00e9glatelas como puedas y el Estado dej\u00f3 de supervisar, de controlar y monitorear. Incluso, otorgar las licencias m\u00e9dicas a todas las personas que est\u00e9n afectadas por esta condici\u00f3n de contacto estrecho, sostuvo el legislador PS.<br>Asimismo, a\u00f1adi\u00f3: \u00abYo cuestiono la categor\u00eda Alerta Covid, pues deja la carga de la denuncia y del aislamiento, al margen de la autoridad sanitaria. Es como un \u00abs\u00e1lvense quien pueda\u00bb.&nbsp;<br>\u00abPor lo tanto, reclamo indignadamente esta situaci\u00f3n que hoy est\u00e1 teniendo la autoridad de Salud, que terminando el Gobierno, parece estar bajando la cortina de la preocupaci\u00f3n sanitaria\u00bb. Adem\u00e1s, el diputado castro dijo que le parece&nbsp; \u00abinaudito que despu\u00e9s de haber exonerado a m\u00e1s de 5 mil funcionarios en noviembre, porque la pandemia estaba, entre comillas, controlada,&nbsp;ahora no existe ninguna capacidad regulatoria para monitorear, hacer trazabilidad y definir contacto estrecho, salvo en casos muy puntuales, como lo ha se\u00f1alado la autoridad\u00bb.<\/p>\n","protected":false},"excerpt":{"rendered":"<p>El parlamentario, que integra la Comisi\u00f3n de Salud de la C\u00e1mara, cuestiona la Categor\u00eda Alerta Covid, porque \u00abdeja la carga de la denuncia y del aislamiento, al margen de la autoridad sanitaria. Es como un \u00abs\u00e1lvense quien pueda\u00bb. <\/p>\n","protected":false},"author":1,"featured_media":3992,"comment_status":"closed","ping_status":"closed","sticky":false,"template":"","format":"standard","meta":{"footnotes":""},"categories":[3,6],"tags":[],"class_list":["post-3991","post","type-post","status-publish","format-standard","has-post-thumbnail","hentry","category-al-dia","category-politica"],"_links":{"self":[{"href":"https:\/\/www.semanariolocal.cl\/index.php?rest_route=\/wp\/v2\/posts\/3991","targetHints":{"allow":["GET"]}}],"collection":[{"href":"https:\/\/www.semanariolocal.cl\/index.php?rest_route=\/wp\/v2\/posts"}],"about":[{"href":"https:\/\/www.semanariolocal.cl\/index.php?rest_route=\/wp\/v2\/types\/post"}],"author":[{"embeddable":true,"href":"https:\/\/www.semanariolocal.cl\/index.php?rest_route=\/wp\/v2\/users\/1"}],"replies":[{"embeddable":true,"href":"https:\/\/www.semanariolocal.cl\/index.php?rest_route=%2Fwp%2Fv2%2Fcomments&post=3991"}],"version-history":[{"count":1,"href":"https:\/\/www.semanariolocal.cl\/index.php?rest_route=\/wp\/v2\/posts\/3991\/revisions"}],"predecessor-version":[{"id":3993,"href":"https:\/\/www.semanariolocal.cl\/index.php?rest_route=\/wp\/v2\/posts\/3991\/revisions\/3993"}],"wp:featuredmedia":[{"embeddable":true,"href":"https:\/\/www.semanariolocal.cl\/index.php?rest_route=\/wp\/v2\/media\/3992"}],"wp:attachment":[{"href":"https:\/\/www.semanariolocal.cl\/index.php?rest_route=%2Fwp%2Fv2%2Fmedia&parent=3991"}],"wp:term":[{"taxonomy":"category","embeddable":true,"href":"https:\/\/www.semanariolocal.cl\/index.php?rest_route=%2Fwp%2Fv2%2Fcategories&post=3991"},{"taxonomy":"post_tag","embeddable":true,"href":"https:\/\/www.semanariolocal.cl\/index.php?rest_route=%2Fwp%2Fv2%2Ftags&post=3991"}],"curies":[{"name":"wp","href":"https:\/\/api.w.org\/{rel}","templated":true}]}}