{"id":3988,"date":"2022-01-19T07:20:00","date_gmt":"2022-01-19T10:20:00","guid":{"rendered":"https:\/\/www.semanariolocal.cl\/?p=3988"},"modified":"2022-01-18T23:22:02","modified_gmt":"2022-01-19T02:22:02","slug":"informe-de-la-oit-sobre-mercado-laboral-es-poco-proyectable-en-chile","status":"publish","type":"post","link":"https:\/\/www.semanariolocal.cl\/?p=3988","title":{"rendered":"Informe de la OIT sobre mercado laboral es poco proyectable en Chile"},"content":{"rendered":"\n<p style=\"font-size:17px\">La Organizaci\u00f3n Internacional del Trabajo (OIT), revel\u00f3 en su \u00faltimo informe \u201cPerspectivas sociales y del empleo en el 2022\u201d, que este a\u00f1o se registrar\u00e1 un menor dinamismo del mercado laboral. \u00bfC\u00f3mo afectar\u00e1 esto a Chile?<\/p>\n\n\n\n<p style=\"font-size:17px\">Para Marcela Vera, economista y acad\u00e9mica de la Usach, esto es poco proyectable para nuestro pa\u00eds. Para ello, habl\u00f3 de las \u00faltimas cifras entregadas por el Banco Central y el Instituto Nacional de Estad\u00edsticas.<\/p>\n\n\n\n<p style=\"font-size:17px\">\u201cEl fuerte impacto que tuvo en t\u00e9rminos positivos los retiros de fondos de pensiones y por otra parte las ayudas fiscales en t\u00e9rminos de reactivaci\u00f3n econ\u00f3mica, fomento y recuperaci\u00f3n del empleo, nos sit\u00faa en una tasa de desocupaci\u00f3n en torno del 7,5%, una cifra importante que est\u00e1 muy por debajo de las cifras que alcanzamos durante junio y julio del 2020\u201d, se\u00f1al\u00f3.<\/p>\n\n\n\n<p style=\"font-size:17px\">Bajo esa arista, prosigui\u00f3: \u201cCuando se hace el an\u00e1lisis de correlaci\u00f3n entre desempleo y pandemia en la categor\u00eda de ocupados\/ausentes que son aquellas personas que siguen trabajando, pero que no est\u00e1n asistiendo a sus puestos de trabajo. Esta categor\u00eda nos muestra c\u00f3mo ha ido disminuyendo sustantivamente las personas que se encontraban en esta categor\u00eda, llegando a ser un 6,2% de la poblaci\u00f3n. Uno puede observar, adem\u00e1s, una recuperaci\u00f3n en cuanto a la tasa de mujeres, en septiembre\/noviembre se pod\u00eda observar una tasa de un 11,2%. No obstante, en el trimestre actual est\u00e1 a un valor de 7,6%, una cifra de recuperaci\u00f3n muy significativa\u201d.<\/p>\n\n\n\n<p style=\"font-size:17px\">Pensando en lo que viene y siguiendo esa l\u00ednea positiva, la economista dice que ahora es fundamental generar una estabilizaci\u00f3n en el proceso de recuperaci\u00f3n y presentar una serie de posibilidades para fortalecer el empleo.<\/p>\n\n\n\n<p style=\"font-size:17px\">Por eso, da como idea a que el pr\u00f3ximo gobierno pueda tener una plataforma de subsidio \u201cque nos permita generar como pa\u00eds empleo m\u00e1s sostenible, superando las condiciones de precarizaci\u00f3n que existen en la actualidad\u201d. \u201cLa idea es mezclar apoyo a las pymes y generar una relaci\u00f3n de ingreso extraordinario para el fortalecimiento de los emprendimientos\u201d, sostuvo.<\/p>\n\n\n\n<p style=\"font-size:17px\">Adem\u00e1s, la acad\u00e9mica de la Universidad de Santiago plantea la posibilidad de subsidios y apoyos espec\u00edficos a determinados rubros, como el agr\u00edcola. Tambi\u00e9n uno pensando en mujeres trabajadoras y emprendedoras.<\/p>\n","protected":false},"excerpt":{"rendered":"<p>En su \u00faltimo informe, la Organizaci\u00f3n Internacional del Trabajo se\u00f1al\u00f3 que habr\u00e1 207 millones de cesantes a nivel global y que la situaci\u00f3n se regularizar\u00e1 en 2023.<\/p>\n","protected":false},"author":1,"featured_media":3989,"comment_status":"closed","ping_status":"closed","sticky":false,"template":"","format":"standard","meta":{"footnotes":""},"categories":[12],"tags":[],"class_list":["post-3988","post","type-post","status-publish","format-standard","has-post-thumbnail","hentry","category-economia"],"_links":{"self":[{"href":"https:\/\/www.semanariolocal.cl\/index.php?rest_route=\/wp\/v2\/posts\/3988","targetHints":{"allow":["GET"]}}],"collection":[{"href":"https:\/\/www.semanariolocal.cl\/index.php?rest_route=\/wp\/v2\/posts"}],"about":[{"href":"https:\/\/www.semanariolocal.cl\/index.php?rest_route=\/wp\/v2\/types\/post"}],"author":[{"embeddable":true,"href":"https:\/\/www.semanariolocal.cl\/index.php?rest_route=\/wp\/v2\/users\/1"}],"replies":[{"embeddable":true,"href":"https:\/\/www.semanariolocal.cl\/index.php?rest_route=%2Fwp%2Fv2%2Fcomments&post=3988"}],"version-history":[{"count":1,"href":"https:\/\/www.semanariolocal.cl\/index.php?rest_route=\/wp\/v2\/posts\/3988\/revisions"}],"predecessor-version":[{"id":3990,"href":"https:\/\/www.semanariolocal.cl\/index.php?rest_route=\/wp\/v2\/posts\/3988\/revisions\/3990"}],"wp:featuredmedia":[{"embeddable":true,"href":"https:\/\/www.semanariolocal.cl\/index.php?rest_route=\/wp\/v2\/media\/3989"}],"wp:attachment":[{"href":"https:\/\/www.semanariolocal.cl\/index.php?rest_route=%2Fwp%2Fv2%2Fmedia&parent=3988"}],"wp:term":[{"taxonomy":"category","embeddable":true,"href":"https:\/\/www.semanariolocal.cl\/index.php?rest_route=%2Fwp%2Fv2%2Fcategories&post=3988"},{"taxonomy":"post_tag","embeddable":true,"href":"https:\/\/www.semanariolocal.cl\/index.php?rest_route=%2Fwp%2Fv2%2Ftags&post=3988"}],"curies":[{"name":"wp","href":"https:\/\/api.w.org\/{rel}","templated":true}]}}