{"id":3975,"date":"2022-01-16T07:20:00","date_gmt":"2022-01-16T10:20:00","guid":{"rendered":"https:\/\/www.semanariolocal.cl\/?p=3975"},"modified":"2022-01-15T23:33:05","modified_gmt":"2022-01-16T02:33:05","slug":"la-cooperacion-en-el-nuevo-ciclo-politico","status":"publish","type":"post","link":"https:\/\/www.semanariolocal.cl\/?p=3975","title":{"rendered":"La cooperaci\u00f3n en el nuevo ciclo pol\u00edtico"},"content":{"rendered":"\n<p style=\"font-size:17px\">Como representantes de la sociedad civil queremos destacar el compromiso realizado por el presidente electo Gabriel Boric en t\u00e9rminos de fortalecer a los organismos sociales y de fomentar las alianzas p\u00fablico-privadas.<\/p>\n\n\n\n<p style=\"font-size:17px\">Tras el contundente triunfo sobre Jos\u00e9 Antonio Kast, Boric agradeci\u00f3 el trabajo de las organizaciones sociales \u201cque vienen luchando por un Chile m\u00e1s justo y digno\u201d. Asimismo, en su programa de gobierno menciona que es necesario mejorar las condiciones de los movimientos y organizaciones sociales para propiciar una mayor profundidad del proceso democr\u00e1tico.<\/p>\n\n\n\n<p style=\"font-size:17px\">En su primer discurso como presidente electo, Boric mencion\u00f3 que estar\u00e1 abierto a sumar ideas, abrir puertas y a tender puentes desde todos los sectores, adem\u00e1s que aludi\u00f3 a la cooperaci\u00f3n del mundo empresarial. \u201cYo creo en la socialdemocracia y en la colaboraci\u00f3n del sector p\u00fablico y privado y no me gustan las hegemon\u00edas de ning\u00fan sector\u201d, dijo el diputado durante el \u00faltimo debate televisivo.<\/p>\n\n\n\n<p style=\"font-size:17px\">Las alianzas p\u00fablico-privadas han sido hist\u00f3ricamente un gran aporte a las inversiones del pa\u00eds. Entre 1990 y 2016, Chile adjudic\u00f3 197 proyectos por un valor aproximado de USD 69.400 millones en los sectores de transporte, energ\u00eda, agua y servicios, de acuerdo a datos del BID. Por el otro lado, las organizaciones de la sociedad civil suman m\u00e1s de 319 mil entidades al a\u00f1o 2020 y el sector representa el 2,1% del PIB, generando cerca de 310.000 empleos remunerados y voluntarios, lo que es equivalente al 3,6% de la poblaci\u00f3n econ\u00f3micamente activa del pa\u00eds, seg\u00fan cifras del Centro de Pol\u00edticas P\u00fablicas UC.<\/p>\n\n\n\n<p style=\"font-size:17px\">Las organizaciones de la sociedad civil y las alianzas p\u00fablico-privadas que aquellas impulsan cumplen un rol fundamental en acortar la enorme brecha de desigualdad en nuestro pa\u00eds. En lo particular, como fundaci\u00f3n nos motiva reducir las desigualdades territoriales. Mientras existen municipios que administran m\u00e1s de $1.200.000 de presupuesto per c\u00e1pita, hay otros que administran menos de $150.000, sin capacidades para elaborar proyectos de inversi\u00f3n, con fuerte dependencia del fondo com\u00fan municipal y sin alianzas institucionales con el sector privado. Estos municipios necesitan un apoyo frente a esta inequitativa repartici\u00f3n de recursos.&nbsp;<\/p>\n\n\n\n<p style=\"font-size:17px\">De esta manera, conectamos a los municipios con empresas privadas insertas en el territorio para que, a trav\u00e9s de ese apoyo, las municipalidades con menos recursos y escasa dotaci\u00f3n profesional puedan atraer inversi\u00f3n p\u00fablica &#8211; proyectos de agua potable rural, pavimentaci\u00f3n, equipamiento p\u00fablico \u2013 destinada a mejorar la calidad de vida en esos territorios. Gracias a esta colaboraci\u00f3n entre los gobiernos locales, las empresas privadas y las comunidades, los territorios m\u00e1s rezagados han recibido USD$15,6 millones de inversi\u00f3n p\u00fablica.<\/p>\n\n\n\n<p style=\"font-size:17px\">En este nuevo ciclo pol\u00edtico, creemos profundamente en las alianzas p\u00fablico-privadas donde la sociedad civil act\u00fae como brazo armado en la ejecuci\u00f3n de buenas pol\u00edticas p\u00fablicas. Tenemos plena confianza de que las organizaciones de la sociedad civil pueden ser un gran aporte como articuladores confiables en pos del desarrollo y en la reducci\u00f3n de brechas. Hacemos eco del llamado del presidente electo Gabriel Boric, a que se escuchen las partes y que solidariamente dejemos nuestras trincheras para ponernos de acuerdo en un modelo de Estado que promueva el desarrollo equitativo de su gente y sus territorios.<\/p>\n\n\n\n<p><strong>Gonzalo Vial Luarte<\/strong> &#8211;<strong> Director Ejecutivo &#8211; Fundaci\u00f3n Huella Local\u00a0\u00a0<\/strong><\/p>\n","protected":false},"excerpt":{"rendered":"<p>Como representantes de la sociedad civil queremos destacar el compromiso realizado por el presidente electo Gabriel Boric en t\u00e9rminos de fortalecer a los organismos sociales y de fomentar las alianzas p\u00fablico-privadas. Tras el contundente triunfo sobre Jos\u00e9 Antonio Kast, Boric agradeci\u00f3 el trabajo de las organizaciones sociales \u201cque vienen luchando por un Chile m\u00e1s justo&#8230;<a class=\"btnReadMore\" href=\"https:\/\/www.semanariolocal.cl\/?p=3975\"> Leer M\u00e1s<\/a><\/p>\n","protected":false},"author":1,"featured_media":3976,"comment_status":"closed","ping_status":"closed","sticky":false,"template":"","format":"standard","meta":{"footnotes":""},"categories":[7],"tags":[],"class_list":["post-3975","post","type-post","status-publish","format-standard","has-post-thumbnail","hentry","category-opinion"],"_links":{"self":[{"href":"https:\/\/www.semanariolocal.cl\/index.php?rest_route=\/wp\/v2\/posts\/3975","targetHints":{"allow":["GET"]}}],"collection":[{"href":"https:\/\/www.semanariolocal.cl\/index.php?rest_route=\/wp\/v2\/posts"}],"about":[{"href":"https:\/\/www.semanariolocal.cl\/index.php?rest_route=\/wp\/v2\/types\/post"}],"author":[{"embeddable":true,"href":"https:\/\/www.semanariolocal.cl\/index.php?rest_route=\/wp\/v2\/users\/1"}],"replies":[{"embeddable":true,"href":"https:\/\/www.semanariolocal.cl\/index.php?rest_route=%2Fwp%2Fv2%2Fcomments&post=3975"}],"version-history":[{"count":1,"href":"https:\/\/www.semanariolocal.cl\/index.php?rest_route=\/wp\/v2\/posts\/3975\/revisions"}],"predecessor-version":[{"id":3977,"href":"https:\/\/www.semanariolocal.cl\/index.php?rest_route=\/wp\/v2\/posts\/3975\/revisions\/3977"}],"wp:featuredmedia":[{"embeddable":true,"href":"https:\/\/www.semanariolocal.cl\/index.php?rest_route=\/wp\/v2\/media\/3976"}],"wp:attachment":[{"href":"https:\/\/www.semanariolocal.cl\/index.php?rest_route=%2Fwp%2Fv2%2Fmedia&parent=3975"}],"wp:term":[{"taxonomy":"category","embeddable":true,"href":"https:\/\/www.semanariolocal.cl\/index.php?rest_route=%2Fwp%2Fv2%2Fcategories&post=3975"},{"taxonomy":"post_tag","embeddable":true,"href":"https:\/\/www.semanariolocal.cl\/index.php?rest_route=%2Fwp%2Fv2%2Ftags&post=3975"}],"curies":[{"name":"wp","href":"https:\/\/api.w.org\/{rel}","templated":true}]}}