{"id":3972,"date":"2022-01-16T07:15:00","date_gmt":"2022-01-16T10:15:00","guid":{"rendered":"https:\/\/www.semanariolocal.cl\/?p=3972"},"modified":"2022-01-15T23:33:50","modified_gmt":"2022-01-16T02:33:50","slug":"presentan-libro-sobre-la-postulacion-a-monumento-nacional-de-puente-pilmaiquen","status":"publish","type":"post","link":"https:\/\/www.semanariolocal.cl\/?p=3972","title":{"rendered":"Presentan Libro sobre la postulaci\u00f3n a Monumento Nacional de Puente Pilmaiqu\u00e9n"},"content":{"rendered":"\n<p style=\"font-size:17px\">El acad\u00e9mico Guido Asencio, junto a don Mario C\u00e1rdenas (Abogado) y Freddy Valderas (Arquitecto), presentan su nuevo libro titulado \u201cExpediente de Postulaci\u00f3n:&nbsp; Puente Colgante de Fierro de 1929 sobre el cauce del R\u00edo Pilmaiqu\u00e9n\u201d, el cual corresponde a una investigaci\u00f3n realizada con el fin de recopilar los antecedentes necesarios para postular a Monumento Nacional al Puente Colgante de Fierro del R\u00edo Pilmaiqu\u00e9n ubicado en la comuna de San Pablo.<\/p>\n\n\n\n<p style=\"font-size:17px\">Esta iniciativa tiene su g\u00e9nesis en un trabajo investigativo realizado por don Mario C\u00e1rdenas, conocido Abogado de la zona, que ha dedicado parte importante de su vida a realizar estudios sobre temas de turismo y patrimonio en la Provincia de Osorno.&nbsp; Luego de recopilar los argumentos jur\u00eddicos para llevar a cabo las consideraciones sobre la declaratoria de Monumento Nacional del Puente antes descrito, se pone el desaf\u00edo de ir m\u00e1s all\u00e1 con esta indagaci\u00f3n, invitando a participar a los otros dos autores, el Arquitecto Freddy Valderas y al acad\u00e9mico Guido Asencio, ambos pertenecientes al Centro para el Progreso de la Provincia de Osorno.<\/p>\n\n\n\n<p style=\"font-size:17px\">Es as\u00ed como nace este libro, reflejando un hito hist\u00f3rico que marca la importancia de mantener el patrimonio vivo de la comuna de San Pablo y sus alrededores, cuya ubicaci\u00f3n se encuentra en la Hoya Hidrogr\u00e1fica del r\u00edo Bueno.&nbsp; Se trata del viaducto que un\u00eda el principal el camino p\u00fablico- norte sur- por el llano central hasta 1960, cesando sus funciones originales a partir del a\u00f1o 2000, por el cambio de trazado del camino y construcci\u00f3n de otro puente ubicado a 500 metros al poniente denominado Longitudinal Sur, el cual se ampli\u00f3 a&nbsp;la doble v\u00eda, pasando a formar parte de la Ruta 5 Sur.&nbsp; Producto de esto, el puente mencionado qued\u00f3 en \u201cestado de abandono\u201d, por esta raz\u00f3n los autores se han dado la tarea de proponerlo como un \u201chito arquitect\u00f3nico\u201d que, sin lugar a duda, marcar\u00e1 un precedente en materia patrimonial para mantener y preservar uno de los puentes m\u00e1s ic\u00f3nicos del sur de Chile.<\/p>\n\n\n\n<p style=\"font-size:17px\">El acad\u00e9mico Guido Asencio indica que \u201c<em>para m\u00ed fue un honor la invitaci\u00f3n que me hizo don Mario C\u00e1rdenas para participar en la publicaci\u00f3n de este libro, puesto que \u00e9l tiene bastante experiencia sobre escritos jur\u00eddicos relacionados con temas tur\u00edsticos y patrimoniales.&nbsp; En particular este libro recoge una cantidad importante de informaci\u00f3n que abordamos desde diferentes puntos de vista, teniendo como objeto principal, denunciar la existencia de un bien que debiera tener la calidad de Monumento Nacional, con ello ser\u00e1 posible incentivar, de alguna forma, la identidad local,&nbsp; la conciencia ciudadana y por sobre todo colocar en evidencia el rol que le compete al Estado a trav\u00e9s de la institucionalidad del Consejo de Monumentos Nacionales, para preservar el patrimonio hist\u00f3rico de nuestro pa\u00eds\u201d.&nbsp; &nbsp;<\/em><\/p>\n\n\n\n<p style=\"font-size:17px\">Finalmente se informa que el lanzamiento oficial de esta obra, se est\u00e1 planificando para los meses de febrero y marzo del a\u00f1o 2022, utilizando como metodolog\u00eda la itinerancia en diferentes comunas de las regiones de Los R\u00edos y Los Lagos, contando con el patrocinio del Centro para el Progreso de la Provincia de Osorno y la Universidad de Los Lagos.<\/p>\n","protected":false},"excerpt":{"rendered":"<p>El acad\u00e9mico Guido Asencio, junto a don Mario C\u00e1rdenas (Abogado) y Freddy Valderas (Arquitecto), presentan su nuevo libro titulado \u201cExpediente de Postulaci\u00f3n:&nbsp; Puente Colgante de Fierro de 1929 sobre el cauce del R\u00edo Pilmaiqu\u00e9n\u201d, el cual corresponde a una investigaci\u00f3n realizada con el fin de recopilar los antecedentes necesarios para postular a Monumento Nacional al&#8230;<a class=\"btnReadMore\" href=\"https:\/\/www.semanariolocal.cl\/?p=3972\"> Leer M\u00e1s<\/a><\/p>\n","protected":false},"author":1,"featured_media":3973,"comment_status":"closed","ping_status":"closed","sticky":false,"template":"","format":"standard","meta":{"footnotes":""},"categories":[7],"tags":[],"class_list":["post-3972","post","type-post","status-publish","format-standard","has-post-thumbnail","hentry","category-opinion"],"_links":{"self":[{"href":"https:\/\/www.semanariolocal.cl\/index.php?rest_route=\/wp\/v2\/posts\/3972","targetHints":{"allow":["GET"]}}],"collection":[{"href":"https:\/\/www.semanariolocal.cl\/index.php?rest_route=\/wp\/v2\/posts"}],"about":[{"href":"https:\/\/www.semanariolocal.cl\/index.php?rest_route=\/wp\/v2\/types\/post"}],"author":[{"embeddable":true,"href":"https:\/\/www.semanariolocal.cl\/index.php?rest_route=\/wp\/v2\/users\/1"}],"replies":[{"embeddable":true,"href":"https:\/\/www.semanariolocal.cl\/index.php?rest_route=%2Fwp%2Fv2%2Fcomments&post=3972"}],"version-history":[{"count":1,"href":"https:\/\/www.semanariolocal.cl\/index.php?rest_route=\/wp\/v2\/posts\/3972\/revisions"}],"predecessor-version":[{"id":3974,"href":"https:\/\/www.semanariolocal.cl\/index.php?rest_route=\/wp\/v2\/posts\/3972\/revisions\/3974"}],"wp:featuredmedia":[{"embeddable":true,"href":"https:\/\/www.semanariolocal.cl\/index.php?rest_route=\/wp\/v2\/media\/3973"}],"wp:attachment":[{"href":"https:\/\/www.semanariolocal.cl\/index.php?rest_route=%2Fwp%2Fv2%2Fmedia&parent=3972"}],"wp:term":[{"taxonomy":"category","embeddable":true,"href":"https:\/\/www.semanariolocal.cl\/index.php?rest_route=%2Fwp%2Fv2%2Fcategories&post=3972"},{"taxonomy":"post_tag","embeddable":true,"href":"https:\/\/www.semanariolocal.cl\/index.php?rest_route=%2Fwp%2Fv2%2Ftags&post=3972"}],"curies":[{"name":"wp","href":"https:\/\/api.w.org\/{rel}","templated":true}]}}