{"id":3954,"date":"2022-01-16T07:30:00","date_gmt":"2022-01-16T10:30:00","guid":{"rendered":"https:\/\/www.semanariolocal.cl\/?p=3954"},"modified":"2022-01-15T22:17:08","modified_gmt":"2022-01-16T01:17:08","slug":"lideres-constituyentes-buscan-proceso-participativo","status":"publish","type":"post","link":"https:\/\/www.semanariolocal.cl\/?p=3954","title":{"rendered":"L\u00edderes constituyentes buscan proceso participativo"},"content":{"rendered":"\n<p style=\"font-size:17px\">Tras un largo y extenuante proceso de votaci\u00f3n que dur\u00f3 m\u00e1s de 20 horas y que se llev\u00f3 a cabo durante dos jornadas, se pudo definir a la nueva mesa de la Convenci\u00f3n Constitucional, otorgando la presidencia a Mar\u00eda Elisa Quinteros (Movimientos Sociales Constituyentes) y la vicepresidencia a Gaspar Dom\u00ednguez (Independientes No Neutrales), en un sistema de votaci\u00f3n in\u00e9dito, que nos deja una serie de aprendizaje, a fin de evitar situaciones similares durante la discusi\u00f3n de fondo del texto constitucional, que se someter\u00e1 a escrutinio. &nbsp;<\/p>\n\n\n\n<p style=\"font-size:17px\">Es evidente que nuestro pa\u00eds no est\u00e1 acostumbrado a esta forma de deliberaci\u00f3n masiva, abierta al aire libre, sino al contrario, con grupos de convencionales que se re\u00fanen entre s\u00ed, que conversan que cruzan la vereda para hablar con el de al frente para deliberar. Sin embargo, esta forma de deliberaci\u00f3n demuestra un alto est\u00e1ndar de transparencia democr\u00e1tica, propia de estos tiempos, en que la ciudadan\u00eda exige y demanda una participaci\u00f3n directa, efectiva y en tiempo real.<\/p>\n\n\n\n<p style=\"font-size:17px\">Ahora, toca a la convenci\u00f3n constitucional abocarse de lleno a la redacci\u00f3n del texto constitucional, ya que el tiempo apremia, para lo cual ya se han conformado las comisiones tem\u00e1ticas que llevan cientos de audiencias p\u00fablicas est\u00e1n prepar\u00e1ndose borradores est\u00e1n trabajando las distintas propuestas cada una de las bancadas y colectivos.<\/p>\n\n\n\n<p style=\"font-size:17px\">Todo lo anterior, necesariamente obliga a la construcci\u00f3n de mayor\u00edas amplias y transversales para lograr el mejor dise\u00f1o de las normas constitucionales y su aprobaci\u00f3n, que recordemos, es de un quorum de 2\/3, debiendo, en la medida de lo posible, evitar errores que tensionen la convenci\u00f3n y terminen rest\u00e1ndole legitimidad al proceso y su institucionalidad. &nbsp;<\/p>\n\n\n\n<p style=\"font-size:17px\"><strong>Manas\u00e9s Alejandro Huenuqueo \u00c1guila<\/strong> &#8211; <strong>Acad\u00e9mico carrera Derecho<\/strong> &#8211; <strong>UST Puerto Montt<\/strong><\/p>\n","protected":false},"excerpt":{"rendered":"<p>Tras un largo y extenuante proceso de votaci\u00f3n que dur\u00f3 m\u00e1s de 20 horas y que se llev\u00f3 a cabo durante dos jornadas, se pudo definir a la nueva mesa de la Convenci\u00f3n Constitucional, otorgando la presidencia a Mar\u00eda Elisa Quinteros (Movimientos Sociales Constituyentes) y la vicepresidencia a Gaspar Dom\u00ednguez (Independientes No Neutrales), en un&#8230;<a class=\"btnReadMore\" href=\"https:\/\/www.semanariolocal.cl\/?p=3954\"> Leer M\u00e1s<\/a><\/p>\n","protected":false},"author":1,"featured_media":3955,"comment_status":"closed","ping_status":"closed","sticky":false,"template":"","format":"standard","meta":{"footnotes":""},"categories":[7],"tags":[],"class_list":["post-3954","post","type-post","status-publish","format-standard","has-post-thumbnail","hentry","category-opinion"],"_links":{"self":[{"href":"https:\/\/www.semanariolocal.cl\/index.php?rest_route=\/wp\/v2\/posts\/3954","targetHints":{"allow":["GET"]}}],"collection":[{"href":"https:\/\/www.semanariolocal.cl\/index.php?rest_route=\/wp\/v2\/posts"}],"about":[{"href":"https:\/\/www.semanariolocal.cl\/index.php?rest_route=\/wp\/v2\/types\/post"}],"author":[{"embeddable":true,"href":"https:\/\/www.semanariolocal.cl\/index.php?rest_route=\/wp\/v2\/users\/1"}],"replies":[{"embeddable":true,"href":"https:\/\/www.semanariolocal.cl\/index.php?rest_route=%2Fwp%2Fv2%2Fcomments&post=3954"}],"version-history":[{"count":1,"href":"https:\/\/www.semanariolocal.cl\/index.php?rest_route=\/wp\/v2\/posts\/3954\/revisions"}],"predecessor-version":[{"id":3956,"href":"https:\/\/www.semanariolocal.cl\/index.php?rest_route=\/wp\/v2\/posts\/3954\/revisions\/3956"}],"wp:featuredmedia":[{"embeddable":true,"href":"https:\/\/www.semanariolocal.cl\/index.php?rest_route=\/wp\/v2\/media\/3955"}],"wp:attachment":[{"href":"https:\/\/www.semanariolocal.cl\/index.php?rest_route=%2Fwp%2Fv2%2Fmedia&parent=3954"}],"wp:term":[{"taxonomy":"category","embeddable":true,"href":"https:\/\/www.semanariolocal.cl\/index.php?rest_route=%2Fwp%2Fv2%2Fcategories&post=3954"},{"taxonomy":"post_tag","embeddable":true,"href":"https:\/\/www.semanariolocal.cl\/index.php?rest_route=%2Fwp%2Fv2%2Ftags&post=3954"}],"curies":[{"name":"wp","href":"https:\/\/api.w.org\/{rel}","templated":true}]}}