{"id":3916,"date":"2022-01-12T12:00:06","date_gmt":"2022-01-12T15:00:06","guid":{"rendered":"https:\/\/www.semanariolocal.cl\/?p=3916"},"modified":"2022-01-12T12:00:07","modified_gmt":"2022-01-12T15:00:07","slug":"en-puerto-varas-municipios-analizaran-desmunicipalizacion-de-la-educacion-publica","status":"publish","type":"post","link":"https:\/\/www.semanariolocal.cl\/?p=3916","title":{"rendered":"En Puerto Varas municipios analizar\u00e1n desmunicipalizaci\u00f3n de la educaci\u00f3n p\u00fablica"},"content":{"rendered":"\n<p class=\"wp-block-paragraph\" style=\"font-size:17px\">En el marco de la Escuela de Verano 2022 de la Asociaci\u00f3n Chilena de Municipalidades (ACHM), se realizar\u00e1 el curso&nbsp;<strong>\u201cProceso de desmunicipalizaci\u00f3n de la educaci\u00f3n: Avances y balances\u201d<\/strong>&nbsp;orientada a autoridades locales, directivos de educaci\u00f3n y funcionarios municipales, quienes analizar\u00e1n el proceso de desmunicipalizaci\u00f3n de la educaci\u00f3n p\u00fablica, que se est\u00e1 desarrollando en todo el pa\u00eds.<\/p>\n\n\n\n<p class=\"wp-block-paragraph\" style=\"font-size:17px\">Bernardo V\u00e1squez, alcalde de Pelarco y presidente de la Comisi\u00f3n de Educaci\u00f3n de la ACHM manifest\u00f3 que \u201cen el contexto de cambios profundos que se est\u00e1n desarrollando en materia educativa, es fundamental que el mundo municipal, alcaldes y concejales puedan conocer en detalle los alcances de esta ley. Analizar el desarrollo y las expectativas respecto a este proceso de puesta en marcha de los servicios locales es clave para abordar lo que viene\u201d.<\/p>\n\n\n\n<p class=\"wp-block-paragraph\" style=\"font-size:17px\">El evento se desarrollar\u00e1 entre el 17 y 21 de enero pr\u00f3ximo en la ciudad de Puerto Varas y contar\u00e1 con la presencia de los actores involucrados en este proceso como es el caso de Mar\u00eda Alejandra Grebe Noguera, Directora de Educaci\u00f3n P\u00fablica, quien se referir\u00e1 a los aspectos relevantes y avances en la implementaci\u00f3n de los servicios locales de educaci\u00f3n p\u00fablica.<\/p>\n\n\n\n<p class=\"wp-block-paragraph\" style=\"font-size:17px\">Carlos D\u00edaz, presidente del Colegio de Profesores, realizar\u00e1 una ponencia, que tiene por objetivo dar a conocer la percepci\u00f3n de la nueva institucionalidad de la educaci\u00f3n p\u00fablica, desde el punto de vista de los docentes. Asimismo, existir\u00e1 un an\u00e1lisis pr\u00e1ctico de los nuevos servicios locales que ya est\u00e1n funcionando en el pa\u00eds, como es el caso del servicio local de Llanquihue.<\/p>\n\n\n\n<p class=\"wp-block-paragraph\" style=\"font-size:17px\">Como se sabe, los nuevos servicios locales de educaci\u00f3n p\u00fablica dejar\u00e1n atr\u00e1s a los municipios como los responsables en esta materia, d\u00e1ndole un mayor \u00e9nfasis al foco pedag\u00f3gico, pertinencia territorial y participaci\u00f3n de las comunidades, como parte de la esencia de los nuevos entes encargados en administrar la educaci\u00f3n p\u00fablica en nuestro pa\u00eds.<\/p>\n","protected":false},"excerpt":{"rendered":"<p>En el marco de la Escuela de Verano 2022 de la Asociaci\u00f3n Chilena de Municipalidades (ACHM), se realizar\u00e1 el curso&nbsp;\u201cProceso de desmunicipalizaci\u00f3n de la educaci\u00f3n: Avances y balances\u201d&nbsp;orientada a autoridades locales, directivos de educaci\u00f3n y funcionarios municipales, quienes analizar\u00e1n el proceso de desmunicipalizaci\u00f3n de la educaci\u00f3n p\u00fablica, que se est\u00e1 desarrollando en todo el pa\u00eds&#8230;.<a class=\"btnReadMore\" href=\"https:\/\/www.semanariolocal.cl\/?p=3916\"> Leer M\u00e1s<\/a><\/p>\n","protected":false},"author":1,"featured_media":3917,"comment_status":"closed","ping_status":"closed","sticky":false,"template":"","format":"standard","meta":{"footnotes":""},"categories":[11,6],"tags":[],"class_list":["post-3916","post","type-post","status-publish","format-standard","has-post-thumbnail","hentry","category-educacion","category-politica"],"_links":{"self":[{"href":"https:\/\/www.semanariolocal.cl\/index.php?rest_route=\/wp\/v2\/posts\/3916","targetHints":{"allow":["GET"]}}],"collection":[{"href":"https:\/\/www.semanariolocal.cl\/index.php?rest_route=\/wp\/v2\/posts"}],"about":[{"href":"https:\/\/www.semanariolocal.cl\/index.php?rest_route=\/wp\/v2\/types\/post"}],"author":[{"embeddable":true,"href":"https:\/\/www.semanariolocal.cl\/index.php?rest_route=\/wp\/v2\/users\/1"}],"replies":[{"embeddable":true,"href":"https:\/\/www.semanariolocal.cl\/index.php?rest_route=%2Fwp%2Fv2%2Fcomments&post=3916"}],"version-history":[{"count":1,"href":"https:\/\/www.semanariolocal.cl\/index.php?rest_route=\/wp\/v2\/posts\/3916\/revisions"}],"predecessor-version":[{"id":3918,"href":"https:\/\/www.semanariolocal.cl\/index.php?rest_route=\/wp\/v2\/posts\/3916\/revisions\/3918"}],"wp:featuredmedia":[{"embeddable":true,"href":"https:\/\/www.semanariolocal.cl\/index.php?rest_route=\/wp\/v2\/media\/3917"}],"wp:attachment":[{"href":"https:\/\/www.semanariolocal.cl\/index.php?rest_route=%2Fwp%2Fv2%2Fmedia&parent=3916"}],"wp:term":[{"taxonomy":"category","embeddable":true,"href":"https:\/\/www.semanariolocal.cl\/index.php?rest_route=%2Fwp%2Fv2%2Fcategories&post=3916"},{"taxonomy":"post_tag","embeddable":true,"href":"https:\/\/www.semanariolocal.cl\/index.php?rest_route=%2Fwp%2Fv2%2Ftags&post=3916"}],"curies":[{"name":"wp","href":"https:\/\/api.w.org\/{rel}","templated":true}]}}