{"id":3913,"date":"2022-01-10T09:40:00","date_gmt":"2022-01-10T12:40:00","guid":{"rendered":"https:\/\/www.semanariolocal.cl\/?p=3913"},"modified":"2022-01-11T00:42:44","modified_gmt":"2022-01-11T03:42:44","slug":"piscinas-del-parque-olegario-mohr-se-encuentran-habilitadas-para-el-publico","status":"publish","type":"post","link":"https:\/\/www.semanariolocal.cl\/?p=3913","title":{"rendered":"Piscinas del parque Olegario Mohr se encuentran habilitadas para el p\u00fablico"},"content":{"rendered":"\n<p class=\"wp-block-paragraph\" style=\"font-size:17px\">Las instalaciones del Parque Olegario Mohr, que presenta un aforo para cien personas, ofrecen una excelente alternativa de entretenci\u00f3n y esparcimiento para la comunidad y turistas que visiten la zona, pues contempla zona de camping, esparcimiento, recreaci\u00f3n y 3 piscinas al aire libre.<\/p>\n\n\n\n<p class=\"wp-block-paragraph\" style=\"font-size:17px\">As\u00ed lo inform\u00f3, Fernando Santiba\u00f1ez, Director (s) de la Direcci\u00f3n de Aseo y Ornato de la Ilustre Municipalidad de Osorno, quien destac\u00f3 que \u201cel recinto ubicado en la ruta a Puerto Octay, cuenta con tres piscinas \u2013una de adultos, otra mediana y otra de ni\u00f1os- y funcionar\u00e1 de lunes a domingo, de 09.00 a 20:00 horas\u201d.<\/p>\n\n\n\n<p class=\"wp-block-paragraph\" style=\"font-size:17px\">Santiba\u00f1ez, inform\u00f3 que los aforos de las piscinas, son los otorgados por la autoridad sanitaria, los cuales corresponden a 10 personas para la piscina de adultos, 6 personas para la piscina mediana y de 3 personas para la piscina de ni\u00f1os.<\/p>\n\n\n\n<p class=\"wp-block-paragraph\" style=\"font-size:17px\">Los precios de ingreso a este lugar, corresponden a 2.000 pesos adultos y mil pesos ni\u00f1os.<\/p>\n","protected":false},"excerpt":{"rendered":"<p>Desde este lunes 10 de enero las 3 piscinas ubicadas al interior de este recinto ya se encuentran disponibles para su uso.<\/p>\n","protected":false},"author":1,"featured_media":3914,"comment_status":"closed","ping_status":"closed","sticky":false,"template":"","format":"standard","meta":{"footnotes":""},"categories":[3],"tags":[],"class_list":["post-3913","post","type-post","status-publish","format-standard","has-post-thumbnail","hentry","category-al-dia"],"_links":{"self":[{"href":"https:\/\/www.semanariolocal.cl\/index.php?rest_route=\/wp\/v2\/posts\/3913","targetHints":{"allow":["GET"]}}],"collection":[{"href":"https:\/\/www.semanariolocal.cl\/index.php?rest_route=\/wp\/v2\/posts"}],"about":[{"href":"https:\/\/www.semanariolocal.cl\/index.php?rest_route=\/wp\/v2\/types\/post"}],"author":[{"embeddable":true,"href":"https:\/\/www.semanariolocal.cl\/index.php?rest_route=\/wp\/v2\/users\/1"}],"replies":[{"embeddable":true,"href":"https:\/\/www.semanariolocal.cl\/index.php?rest_route=%2Fwp%2Fv2%2Fcomments&post=3913"}],"version-history":[{"count":1,"href":"https:\/\/www.semanariolocal.cl\/index.php?rest_route=\/wp\/v2\/posts\/3913\/revisions"}],"predecessor-version":[{"id":3915,"href":"https:\/\/www.semanariolocal.cl\/index.php?rest_route=\/wp\/v2\/posts\/3913\/revisions\/3915"}],"wp:featuredmedia":[{"embeddable":true,"href":"https:\/\/www.semanariolocal.cl\/index.php?rest_route=\/wp\/v2\/media\/3914"}],"wp:attachment":[{"href":"https:\/\/www.semanariolocal.cl\/index.php?rest_route=%2Fwp%2Fv2%2Fmedia&parent=3913"}],"wp:term":[{"taxonomy":"category","embeddable":true,"href":"https:\/\/www.semanariolocal.cl\/index.php?rest_route=%2Fwp%2Fv2%2Fcategories&post=3913"},{"taxonomy":"post_tag","embeddable":true,"href":"https:\/\/www.semanariolocal.cl\/index.php?rest_route=%2Fwp%2Fv2%2Ftags&post=3913"}],"curies":[{"name":"wp","href":"https:\/\/api.w.org\/{rel}","templated":true}]}}