{"id":3910,"date":"2022-01-10T08:15:00","date_gmt":"2022-01-10T11:15:00","guid":{"rendered":"https:\/\/www.semanariolocal.cl\/?p=3910"},"modified":"2022-01-11T00:38:36","modified_gmt":"2022-01-11T03:38:36","slug":"junji-incentiva-vacunacion-para-el-covid-19-en-ninos-y-ninas","status":"publish","type":"post","link":"https:\/\/www.semanariolocal.cl\/?p=3910","title":{"rendered":"JUNJI incentiva vacunaci\u00f3n para el COVID-19 en ni\u00f1os y ni\u00f1as"},"content":{"rendered":"\n<p class=\"wp-block-paragraph\" style=\"font-size:17px\">Con el claro mensaje que \u201cvacunarse contra el Covid-19 es una medida eficaz de prevenci\u00f3n y protecci\u00f3n de tu salud y la de los dem\u00e1s\u201d, la Junta Nacional de Jardines Infantiles (JUNJI) se sum\u00f3 a la campa\u00f1a de inoculaci\u00f3n destinada a ni\u00f1os y ni\u00f1as desde los 3 a\u00f1os.<\/p>\n\n\n\n<p class=\"wp-block-paragraph\" style=\"font-size:17px\">Este proceso, liderado por el Ministerio de Salud, beneficiar\u00e1 a nivel nacional a unas 700 mil personas de este grupo etario, quienes pueden acceder a los calendarios dispuestos por la autoridad sanitaria en los diferentes Cesfam y vacunatorios, informados en a trav\u00e9s de la p\u00e1gina web&nbsp;<a href=\"http:\/\/www.gob.cl\/yomevacuno\" target=\"_blank\" rel=\"noreferrer noopener\">www.gob.cl\/yomevacuno<\/a>.<\/p>\n\n\n\n<p class=\"wp-block-paragraph\" style=\"font-size:17px\">\u201cLas vacunas son seguras, eficaces y tienen la aprobaci\u00f3n de las autoridades reguladoras. Como JUNJI nos hemos plegado a este llamado porque es importante que seamos responsables como adultos y como familias. Ni\u00f1as, ni\u00f1os y nuestro entorno lo agradecer\u00e1n\u201d, se\u00f1al\u00f3 la vicepresidenta Ejecutiva de la JUNJI, Adriana Gaete Somarriva.<\/p>\n\n\n\n<p class=\"wp-block-paragraph\" style=\"font-size:17px\">La autoridad agreg\u00f3 que \u201cen nuestras redes sociales se publicar\u00e1n&nbsp; &nbsp;todos los d\u00edas los calendarios de vacunaci\u00f3n, consejos e informaci\u00f3n, para as\u00ed masificar el llamado a vacunaci\u00f3n y apoyar la importante labor que est\u00e1 realizando el Ministerio de Salud. En algunos de nuestros jardines infantiles, ya se ha realizado este proceso gracias a la coordinaci\u00f3n de servicios municipales, as\u00ed que estamos muy contentos\u201d.<\/p>\n\n\n\n<p class=\"wp-block-paragraph\" style=\"font-size:17px\">Para el director de JUNJI Los Lagos, Eduardo Hern\u00e1ndez, esta campa\u00f1a refuerza la continuidad de las actividades parvularias, apoya a las familias y previene las entradas de nuevas variantes, lo que releva la importancia de la sociabilizaci\u00f3n y los espacios seguros en el aula. \u201cPor supuesto, tambi\u00e9n, seguir teniendo los cuidados en los establecimientos, como son el uso de la mascarilla en las funcionarias, el lavado frecuente de manos, el uso de alcohol gel, ventilaci\u00f3n de los espacios y el distanciamiento f\u00edsico\u201d, dijo.<\/p>\n\n\n\n<p class=\"wp-block-paragraph\" style=\"font-size:17px\">El llamado de JUNJI, tambi\u00e9n, incluye un video protagonizado por p\u00e1rvulos de sus jardines infantiles, quienes entregan un fuerte y claro mensaje: \u00a1Vacunarse es importante!<\/p>\n\n\n\n<p class=\"wp-block-paragraph\" style=\"font-size:17px\">El pasado 25 de noviembre el Instituto de Salud P\u00fablica (ISP) aprob\u00f3 el uso de Coronavac y que se encuentra disponible desde diciembre pasado en ni\u00f1os y ni\u00f1as entre 3 y 5 a\u00f1os, luego que esta demostrara seguridad y eficacia en estudio realizado en China.<\/p>\n","protected":false},"excerpt":{"rendered":"<p>El objetivo es apoyar la campa\u00f1a liderada por el Ministerio de Salud y relevar la importancia de la inoculaci\u00f3n como una medida eficaz de prevenci\u00f3n y protecci\u00f3n. El llamado se replicar\u00e1 en todos los jardines infantiles y a trav\u00e9s de sus redes sociales<\/p>\n","protected":false},"author":1,"featured_media":3911,"comment_status":"closed","ping_status":"closed","sticky":false,"template":"","format":"standard","meta":{"footnotes":""},"categories":[3,11],"tags":[],"class_list":["post-3910","post","type-post","status-publish","format-standard","has-post-thumbnail","hentry","category-al-dia","category-educacion"],"_links":{"self":[{"href":"https:\/\/www.semanariolocal.cl\/index.php?rest_route=\/wp\/v2\/posts\/3910","targetHints":{"allow":["GET"]}}],"collection":[{"href":"https:\/\/www.semanariolocal.cl\/index.php?rest_route=\/wp\/v2\/posts"}],"about":[{"href":"https:\/\/www.semanariolocal.cl\/index.php?rest_route=\/wp\/v2\/types\/post"}],"author":[{"embeddable":true,"href":"https:\/\/www.semanariolocal.cl\/index.php?rest_route=\/wp\/v2\/users\/1"}],"replies":[{"embeddable":true,"href":"https:\/\/www.semanariolocal.cl\/index.php?rest_route=%2Fwp%2Fv2%2Fcomments&post=3910"}],"version-history":[{"count":1,"href":"https:\/\/www.semanariolocal.cl\/index.php?rest_route=\/wp\/v2\/posts\/3910\/revisions"}],"predecessor-version":[{"id":3912,"href":"https:\/\/www.semanariolocal.cl\/index.php?rest_route=\/wp\/v2\/posts\/3910\/revisions\/3912"}],"wp:featuredmedia":[{"embeddable":true,"href":"https:\/\/www.semanariolocal.cl\/index.php?rest_route=\/wp\/v2\/media\/3911"}],"wp:attachment":[{"href":"https:\/\/www.semanariolocal.cl\/index.php?rest_route=%2Fwp%2Fv2%2Fmedia&parent=3910"}],"wp:term":[{"taxonomy":"category","embeddable":true,"href":"https:\/\/www.semanariolocal.cl\/index.php?rest_route=%2Fwp%2Fv2%2Fcategories&post=3910"},{"taxonomy":"post_tag","embeddable":true,"href":"https:\/\/www.semanariolocal.cl\/index.php?rest_route=%2Fwp%2Fv2%2Ftags&post=3910"}],"curies":[{"name":"wp","href":"https:\/\/api.w.org\/{rel}","templated":true}]}}