{"id":3907,"date":"2022-01-10T07:55:00","date_gmt":"2022-01-10T10:55:00","guid":{"rendered":"https:\/\/www.semanariolocal.cl\/?p=3907"},"modified":"2022-01-11T00:28:18","modified_gmt":"2022-01-11T03:28:18","slug":"este-lunes-10-de-enero-comenzo-proceso-de-vacunacion-de-la-cuarta-dosis","status":"publish","type":"post","link":"https:\/\/www.semanariolocal.cl\/?p=3907","title":{"rendered":"Este lunes 10 de enero comenz\u00f3 proceso de vacunaci\u00f3n de la cuarta dosis"},"content":{"rendered":"\n<p class=\"wp-block-paragraph\" style=\"font-size:17px\">Desde este lunes 10 de enero podr\u00e1n recibir la cuarta dosis de vacunaci\u00f3n contra el Covid-19 las personas inmunocomprometidas, mayores de 12 a\u00f1os, que recibieron su primera dosis de refuerzo hasta el 12 de septiembre de 2021.<\/p>\n\n\n\n<p class=\"wp-block-paragraph\" style=\"font-size:17px\">Al respecto, la directora del Centro de Salud Familiar, CESAFAM Puerto Varas, Mar\u00eda Paz Villarreal enfatiz\u00f3 que la cuarta dosis nos permite reforzar los niveles de inmunizaci\u00f3n en la comunidad, por lo que invita a ser parte de este proceso de vacunaci\u00f3n.<\/p>\n\n\n\n<p class=\"wp-block-paragraph\" style=\"font-size:17px\"><em>\u201cHoy lunes 10 de enero se da inicio a la inoculaci\u00f3n con la cuarta dosis de la vacuna contra el Covid-19, comenzaremos con la poblaci\u00f3n inmunocomprometida de nuestro pa\u00eds. Chile tiene una condici\u00f3n bastante privilegiada a nivel mundial, somos el segundo pa\u00eds que inicia este proceso, despu\u00e9s de Israel. La vacunaci\u00f3n tiene como estrategia, ser un complemento al cuidado personal, una medida preventiva, en donde mantener el autocuidado es fundamental. La vacunaci\u00f3n y el autocuidado son medidas complementarias, por eso invitamos a toda la poblaci\u00f3n puertovarina a vacunarse responsablemente y colocar su cuarta dosis, para cuidarnos entre todos\u201d, se\u00f1al\u00f3 Mar\u00eda Paz Villarreal.<\/em><\/p>\n\n\n\n<p class=\"wp-block-paragraph\" style=\"font-size:17px\">Los puntos de vacunaci\u00f3n son los siguientes:<\/p>\n\n\n\n<p class=\"wp-block-paragraph\" style=\"font-size:17px\">CESFAM Puerto Varas<\/p>\n\n\n\n<p class=\"wp-block-paragraph\" style=\"font-size:17px\">Mi\u00e9rcoles de 17:00 a 20:00 horas.<\/p>\n\n\n\n<p class=\"wp-block-paragraph\" style=\"font-size:17px\">Coliseo Municipal<\/p>\n\n\n\n<p class=\"wp-block-paragraph\" style=\"font-size:17px\">Lunes a Jueves de 9:00 a 15:30 horas y Viernes de 9:00 a 14:30 horas.<\/p>\n\n\n\n<p class=\"wp-block-paragraph\" style=\"font-size:17px\">Sede Municipal Nueva Braunau<\/p>\n\n\n\n<p class=\"wp-block-paragraph\" style=\"font-size:17px\">Lunes&nbsp; y Mi\u00e9rcoles de 9:30 a 12:30 horas y de 14:00 a 15:30 horas, y Viernes de 9:30 a 12:30 horas.<\/p>\n\n\n\n<p class=\"wp-block-paragraph\" style=\"font-size:17px\">Sector rural, seg\u00fan calendario semanal.<\/p>\n\n\n\n<p class=\"wp-block-paragraph\" style=\"font-size:17px\">El proceso de vacunaci\u00f3n seguir\u00e1 avanzando durante los siguientes meses y se informar\u00e1 el calendario semanalmente.<\/p>\n","protected":false},"excerpt":{"rendered":"<p>Desde este lunes 10 de enero podr\u00e1n recibir la cuarta dosis de vacunaci\u00f3n contra el Covid-19 las personas inmunocomprometidas, mayores de 12 a\u00f1os, que recibieron su primera dosis de refuerzo hasta el 12 de septiembre de 2021. Al respecto, la directora del Centro de Salud Familiar, CESAFAM Puerto Varas, Mar\u00eda Paz Villarreal enfatiz\u00f3 que la&#8230;<a class=\"btnReadMore\" href=\"https:\/\/www.semanariolocal.cl\/?p=3907\"> Leer M\u00e1s<\/a><\/p>\n","protected":false},"author":1,"featured_media":3908,"comment_status":"closed","ping_status":"closed","sticky":false,"template":"","format":"standard","meta":{"footnotes":""},"categories":[3],"tags":[],"class_list":["post-3907","post","type-post","status-publish","format-standard","has-post-thumbnail","hentry","category-al-dia"],"_links":{"self":[{"href":"https:\/\/www.semanariolocal.cl\/index.php?rest_route=\/wp\/v2\/posts\/3907","targetHints":{"allow":["GET"]}}],"collection":[{"href":"https:\/\/www.semanariolocal.cl\/index.php?rest_route=\/wp\/v2\/posts"}],"about":[{"href":"https:\/\/www.semanariolocal.cl\/index.php?rest_route=\/wp\/v2\/types\/post"}],"author":[{"embeddable":true,"href":"https:\/\/www.semanariolocal.cl\/index.php?rest_route=\/wp\/v2\/users\/1"}],"replies":[{"embeddable":true,"href":"https:\/\/www.semanariolocal.cl\/index.php?rest_route=%2Fwp%2Fv2%2Fcomments&post=3907"}],"version-history":[{"count":1,"href":"https:\/\/www.semanariolocal.cl\/index.php?rest_route=\/wp\/v2\/posts\/3907\/revisions"}],"predecessor-version":[{"id":3909,"href":"https:\/\/www.semanariolocal.cl\/index.php?rest_route=\/wp\/v2\/posts\/3907\/revisions\/3909"}],"wp:featuredmedia":[{"embeddable":true,"href":"https:\/\/www.semanariolocal.cl\/index.php?rest_route=\/wp\/v2\/media\/3908"}],"wp:attachment":[{"href":"https:\/\/www.semanariolocal.cl\/index.php?rest_route=%2Fwp%2Fv2%2Fmedia&parent=3907"}],"wp:term":[{"taxonomy":"category","embeddable":true,"href":"https:\/\/www.semanariolocal.cl\/index.php?rest_route=%2Fwp%2Fv2%2Fcategories&post=3907"},{"taxonomy":"post_tag","embeddable":true,"href":"https:\/\/www.semanariolocal.cl\/index.php?rest_route=%2Fwp%2Fv2%2Ftags&post=3907"}],"curies":[{"name":"wp","href":"https:\/\/api.w.org\/{rel}","templated":true}]}}