{"id":3904,"date":"2022-01-10T08:22:00","date_gmt":"2022-01-10T11:22:00","guid":{"rendered":"https:\/\/www.semanariolocal.cl\/?p=3904"},"modified":"2022-01-11T00:25:15","modified_gmt":"2022-01-11T03:25:15","slug":"inia-busca-preservar-genetica-animal-adaptada-al-cambio-climatico","status":"publish","type":"post","link":"https:\/\/www.semanariolocal.cl\/?p=3904","title":{"rendered":"INIA busca preservar gen\u00e9tica animal adaptada al cambio clim\u00e1tico"},"content":{"rendered":"\n<p class=\"wp-block-paragraph\" style=\"font-size:17px\">El Instituto de Investigaciones Agropecuarias (INIA), con el apoyo de la Universidad Austral de Chile, busca preservar gen\u00e9tica animal adaptada al cambio clim\u00e1tico mediante transferencia de embriones.<\/p>\n\n\n\n<p class=\"wp-block-paragraph\" style=\"font-size:17px\">Ximena Valderrama, jefa del \u00c1rea Nacional de Producci\u00f3n Animal del INIA explic\u00f3 que \u201cuno de nuestros objetivos es fortalecer los sistemas lecheros y que seamos un aporte a los agricultores de la zona y para ello tenemos que complementar aquellas \u00e1reas que nosotros consideramos que son innovadoras y que no necesariamente las desarrollamos en el INIA. Es por ello que hemos establecido colaboraciones con instituciones acad\u00e9micas como en este caso la Facultad de Ciencias Veterinarias de la Universidad Austral de Chile, a trav\u00e9s del doctor Marcelo Ratto, experto en reproducci\u00f3n animal\u201d.<\/p>\n\n\n\n<p class=\"wp-block-paragraph\" style=\"font-size:17px\">La investigadora del INIA a\u00f1adi\u00f3 que \u201cnosotros en nuestra lecher\u00eda tenemos animales muy longevos, de buena calidad, sin problemas reproductivos y hemos considerado que debemos demostrar al medio que estos animales pueden conservarse y por eso iniciamos esta colaboraci\u00f3n en conservaci\u00f3n de germoplasma adaptado al cambio clim\u00e1tico\u201d.<\/p>\n\n\n\n<p class=\"wp-block-paragraph\" style=\"font-size:17px\">Enfatiz\u00f3 que \u201ca trav\u00e9s de esta alianza queremos demostrar a los productores lecheros que esta tecnolog\u00eda est\u00e1 disponible, que es una alternativa viable m\u00e1s all\u00e1 de la inseminaci\u00f3n artificial\u201d.<\/p>\n\n\n\n<p class=\"wp-block-paragraph\" style=\"font-size:17px\">Por su parte, el profesor Marcelo Ratto de la Universidad Austral de Chile, sostuvo que \u201cla transferencia de embriones es una tecnolog\u00eda que se practica hace muchos a\u00f1os y nosotros la venimos desarrollando en forma espor\u00e1dica en la universidad, en docencia de postgrado y en investigaci\u00f3n, y ahora surgi\u00f3 esta posibilidad de colaborar con el INIA para rescatar desde el plantel lechero de esta instituci\u00f3n, material gen\u00e9tico que es local, adaptado a las condiciones de la zona sur de Chile y al cambio clim\u00e1tico\u201d.<\/p>\n\n\n\n<p class=\"wp-block-paragraph\" style=\"font-size:17px\">El acad\u00e9mico e investigador de la UACh indic\u00f3 que \u201cuna vaca, como la que tratamos, generalmente tiene alrededor de 8 cr\u00edas en su vida productiva, y como varias del reba\u00f1o ya estaba para descarte por condiciones productivas o sanitarias, entonces lo que se hizo es aplicar un tratamiento para superestimular la producci\u00f3n de \u00f3vulos y logramos recuperar 6 fol\u00edculos que se van a transformar en embriones y que luego se van a transferir a otras vacas j\u00f3venes y as\u00ed se van a conservar las caracter\u00edsticas gen\u00e9ticas de vacas altamente productivas, longevas y que se adaptan a las condiciones clim\u00e1ticas de esta zona\u201d.<\/p>\n","protected":false},"excerpt":{"rendered":"<p>El objetivo es recuperar, conservar y utilizar germoplasma valioso de vacas lecheras a pastoreo.<\/p>\n","protected":false},"author":1,"featured_media":3905,"comment_status":"closed","ping_status":"closed","sticky":false,"template":"","format":"standard","meta":{"footnotes":""},"categories":[4],"tags":[],"class_list":["post-3904","post","type-post","status-publish","format-standard","has-post-thumbnail","hentry","category-reportajes"],"_links":{"self":[{"href":"https:\/\/www.semanariolocal.cl\/index.php?rest_route=\/wp\/v2\/posts\/3904","targetHints":{"allow":["GET"]}}],"collection":[{"href":"https:\/\/www.semanariolocal.cl\/index.php?rest_route=\/wp\/v2\/posts"}],"about":[{"href":"https:\/\/www.semanariolocal.cl\/index.php?rest_route=\/wp\/v2\/types\/post"}],"author":[{"embeddable":true,"href":"https:\/\/www.semanariolocal.cl\/index.php?rest_route=\/wp\/v2\/users\/1"}],"replies":[{"embeddable":true,"href":"https:\/\/www.semanariolocal.cl\/index.php?rest_route=%2Fwp%2Fv2%2Fcomments&post=3904"}],"version-history":[{"count":1,"href":"https:\/\/www.semanariolocal.cl\/index.php?rest_route=\/wp\/v2\/posts\/3904\/revisions"}],"predecessor-version":[{"id":3906,"href":"https:\/\/www.semanariolocal.cl\/index.php?rest_route=\/wp\/v2\/posts\/3904\/revisions\/3906"}],"wp:featuredmedia":[{"embeddable":true,"href":"https:\/\/www.semanariolocal.cl\/index.php?rest_route=\/wp\/v2\/media\/3905"}],"wp:attachment":[{"href":"https:\/\/www.semanariolocal.cl\/index.php?rest_route=%2Fwp%2Fv2%2Fmedia&parent=3904"}],"wp:term":[{"taxonomy":"category","embeddable":true,"href":"https:\/\/www.semanariolocal.cl\/index.php?rest_route=%2Fwp%2Fv2%2Fcategories&post=3904"},{"taxonomy":"post_tag","embeddable":true,"href":"https:\/\/www.semanariolocal.cl\/index.php?rest_route=%2Fwp%2Fv2%2Ftags&post=3904"}],"curies":[{"name":"wp","href":"https:\/\/api.w.org\/{rel}","templated":true}]}}