{"id":3901,"date":"2022-01-10T07:19:00","date_gmt":"2022-01-10T10:19:00","guid":{"rendered":"https:\/\/www.semanariolocal.cl\/?p=3901"},"modified":"2022-01-11T00:21:57","modified_gmt":"2022-01-11T03:21:57","slug":"alcalde-de-puerto-varas-fue-notificado-como-contacto-estrecho","status":"publish","type":"post","link":"https:\/\/www.semanariolocal.cl\/?p=3901","title":{"rendered":"Alcalde de Puerto Varas fue notificado como contacto estrecho"},"content":{"rendered":"\n<p class=\"wp-block-paragraph\" style=\"font-size:17px\">Este lunes, desde el departamento de salud de Puerto Varas, se inform\u00f3 al alcalde de la comuna lacustre, Tom\u00e1s G\u00e1rate, su condici\u00f3n de contacto estrecho. El hecho habr\u00eda ocurrido en una reuni\u00f3n el pasado viernes, en la oficina de alcald\u00eda, donde uno de los asistentes di\u00f3 positivo al virus COVID los d\u00edas posteriores, ante lo cual la autoridad comunal coment\u00f3: \u201c<strong><em>Tuvimos una reuni\u00f3n en mi oficina el d\u00eda viernes, con distintos representantes de instituciones culturales, ante lo cual tendr\u00e9 que realizar una cuarentena de 7 d\u00edas a contar del d\u00eda del contacto<\/em><\/strong>\u201d.&nbsp;<\/p>\n\n\n\n<p class=\"wp-block-paragraph\" style=\"font-size:17px\">Por su parte, la directora de Salud, Mar\u00eda Victoria Carrasco, coment\u00f3: \u201c<strong><em>Recordarles, una vez m\u00e1s, la importancia de mantener las medidas sanitarias, el virus est\u00e1 presente, no debemos relajarnos, es necesario que utilicemos nuestra mascarilla que cubra nariz y boca, mascarilla de papel, desechable y que se pueda eliminar y cambiar cada dos horas; lavado de manos frecuente y, si no es posible lavarse las manos, el uso de alcohol gel y ventilar los espacios cerrados. Insistir en estas medidas porque, como podemos ver, cualquier persona que se re\u00fana con nosotros puede ser positiva incluso de manera asintom\u00e1tica<\/em><\/strong>\u201d.<\/p>\n\n\n\n<p class=\"wp-block-paragraph\" style=\"font-size:17px\">En esa misma l\u00ednea, el l\u00edder comunal, que se encuentra sin s\u00edntomas y permanecer\u00e1 en cuarentena hasta el jueves, agradeci\u00f3 al equipo de salud, recalc\u00f3 la importancia de seguir manteniendo los cuidados sanitarios establecidos y destac\u00f3 la labor del equipo comunal de salud: \u201c<strong><em>somos de las pocas comunas donde contamos con la trazabilidad de manera interna y eso gracias a la eficiencia y prolijidad de un trabajo que permite salvar vidas a todo Puerto Varas<\/em><\/strong>\u201d.&nbsp;<\/p>\n\n\n\n<p class=\"wp-block-paragraph\" style=\"font-size:17px\">Finalmente, a modo de recordatorio, la Directora de Salud aprovech\u00f3 de invitar a la comunidad a testearse en el m\u00f3vil que se ubicar\u00e1 durante toda esta semana en la calle Walker Mart\u00ednez, desde las 10.00 de la ma\u00f1ana en adelante y agreg\u00f3: \u201c<em>Y<\/em><strong><em>, a las personas que est\u00e1n con s\u00edntomas y no han sido testeados, pueden acudir al SAR, les pido por favor eso por que en el SAR no se toman PCR para hacer b\u00fasqueda activa, solamente en el m\u00f3vil\u201d<\/em><\/strong>.<\/p>\n","protected":false},"excerpt":{"rendered":"<p>El l\u00edder comunal, que se encuentra sin s\u00edntomas y permanecer\u00e1 en cuarentena hasta el jueves, agradeci\u00f3 al equipo de salud y recalc\u00f3 la importancia de seguir manteniendo los cuidados sanitarios establecidos <\/p>\n","protected":false},"author":1,"featured_media":3902,"comment_status":"closed","ping_status":"closed","sticky":false,"template":"","format":"standard","meta":{"footnotes":""},"categories":[3,8,6],"tags":[],"class_list":["post-3901","post","type-post","status-publish","format-standard","has-post-thumbnail","hentry","category-al-dia","category-comunas","category-politica"],"_links":{"self":[{"href":"https:\/\/www.semanariolocal.cl\/index.php?rest_route=\/wp\/v2\/posts\/3901","targetHints":{"allow":["GET"]}}],"collection":[{"href":"https:\/\/www.semanariolocal.cl\/index.php?rest_route=\/wp\/v2\/posts"}],"about":[{"href":"https:\/\/www.semanariolocal.cl\/index.php?rest_route=\/wp\/v2\/types\/post"}],"author":[{"embeddable":true,"href":"https:\/\/www.semanariolocal.cl\/index.php?rest_route=\/wp\/v2\/users\/1"}],"replies":[{"embeddable":true,"href":"https:\/\/www.semanariolocal.cl\/index.php?rest_route=%2Fwp%2Fv2%2Fcomments&post=3901"}],"version-history":[{"count":1,"href":"https:\/\/www.semanariolocal.cl\/index.php?rest_route=\/wp\/v2\/posts\/3901\/revisions"}],"predecessor-version":[{"id":3903,"href":"https:\/\/www.semanariolocal.cl\/index.php?rest_route=\/wp\/v2\/posts\/3901\/revisions\/3903"}],"wp:featuredmedia":[{"embeddable":true,"href":"https:\/\/www.semanariolocal.cl\/index.php?rest_route=\/wp\/v2\/media\/3902"}],"wp:attachment":[{"href":"https:\/\/www.semanariolocal.cl\/index.php?rest_route=%2Fwp%2Fv2%2Fmedia&parent=3901"}],"wp:term":[{"taxonomy":"category","embeddable":true,"href":"https:\/\/www.semanariolocal.cl\/index.php?rest_route=%2Fwp%2Fv2%2Fcategories&post=3901"},{"taxonomy":"post_tag","embeddable":true,"href":"https:\/\/www.semanariolocal.cl\/index.php?rest_route=%2Fwp%2Fv2%2Ftags&post=3901"}],"curies":[{"name":"wp","href":"https:\/\/api.w.org\/{rel}","templated":true}]}}