{"id":3898,"date":"2022-01-10T08:16:00","date_gmt":"2022-01-10T11:16:00","guid":{"rendered":"https:\/\/www.semanariolocal.cl\/?p=3898"},"modified":"2022-01-11T00:18:43","modified_gmt":"2022-01-11T03:18:43","slug":"mas-de-60-estudiantes-de-la-pucv-viajaron-a-realizar-intercambio-al-extranjero","status":"publish","type":"post","link":"https:\/\/www.semanariolocal.cl\/?p=3898","title":{"rendered":"M\u00e1s de 60 estudiantes de la PUCV viajaron a realizar intercambio al extranjero"},"content":{"rendered":"\n<p class=\"wp-block-paragraph\" style=\"font-size:17px\">Fueron 66 los estudiantes de la Pontificia Universidad Cat\u00f3lica de Valpara\u00edso (PUCV) que viajaron a fines de diciembre a 14 pa\u00edses para realizar un programa de intercambio al extranjero, en 47 instituciones, durante el primer semestre 2022. Los alumnos y alumnas realizar\u00e1n cursos semestrales y programas de doble titulaci\u00f3n.<\/p>\n\n\n\n<p class=\"wp-block-paragraph\" style=\"font-size:17px\">El grupo que parti\u00f3 en los \u00faltimos d\u00edas se suma a los m\u00e1s de 2.600 estudiantes de la PUCV que ya han desarrollado parte de sus estudios en el extranjero, una experiencia que valoran y que enriquece su proceso formativo.<\/p>\n\n\n\n<p class=\"wp-block-paragraph\" style=\"font-size:17px\">Javiera Logna y Jos\u00e9 Vera son alumnos de Ingenier\u00eda Civil Bioqu\u00edmica de la PUCV que se encuentran cursando un programa de doble titulaci\u00f3n en la Universidad de Santiago de Compostela, los j\u00f3venes narraron c\u00f3mo la pandemia posterg\u00f3 sus planes y destacaron que finalmente hayan logrado concretar este hito.<\/p>\n\n\n\n<p class=\"wp-block-paragraph\" style=\"font-size:17px\">\u201cLlegamos a fines de agosto y fue dif\u00edcil el proceso. Ten\u00edamos que venir en 2020 y deber\u00edamos haber comenzado la postulaci\u00f3n ese a\u00f1o. Lo intentamos tres veces y por las dificultades de la pandemia nos result\u00f3 a la tercera. Con el intercambio nos vamos a demorar un a\u00f1o m\u00e1s en terminar la carrera, pero no importa porque valoramos esta experiencia\u201d, dijo Lorga.<\/p>\n\n\n\n<p class=\"wp-block-paragraph\" style=\"font-size:17px\">En tanto Vera a\u00f1adi\u00f3 que \u201cfinalmente pudimos realizar el viaje pese al contexto mundial que estamos viviendo. Tuvimos momentos donde no sab\u00edamos qu\u00e9 iba a pasar. Nosotros quer\u00edamos realmente hacer el viaje y que se haya podido concretar es un sue\u00f1o\u201d.<\/p>\n\n\n\n<p class=\"wp-block-paragraph\" style=\"font-size:17px\">Los estudiantes iniciaron una estad\u00eda de movilidad en 47 instituciones, de 14 pa\u00edses. En su mayor\u00eda van a realizar cursos semestrales y tambi\u00e9n programas de doble titulaci\u00f3n. Son 25 carreras de ocho facultades que se encuentran representadas en este nuevo grupo de alumnos y alumnas que asistir\u00e1n a prestigiosas universidades ubicadas en Alemania, B\u00e9lgica, Canad\u00e1, Escocia, Espa\u00f1a, Estados Unidos, Finlandia, Francia, Irlanda, Inglaterra, Italia, Jap\u00f3n, Pa\u00edses Bajos y Suecia.<\/p>\n\n\n\n<p class=\"wp-block-paragraph\" style=\"font-size:17px\">\u201cExpresamos nuestras felicitaciones por iniciar esta etapa tan importante en sus carreras y reconocemos a sus seres queridos y familiares que los han respaldado, quienes les han acompa\u00f1ado y seguir\u00e1n haci\u00e9ndolo de la mejor manera mientras est\u00e9n lejos de casa. Agradecemos la labor de los profesores que les han guiado y hoy est\u00e1n ac\u00e1, acompa\u00f1ando en este proceso\u201d, a\u00f1adi\u00f3 Avilez.<\/p>\n\n\n\n<p class=\"wp-block-paragraph\" style=\"font-size:17px\">Como nuevos destinos se sumaron este Bauhaus-Universit\u00e4t Weimar (Alemania), McDaniel College (EE.UU.), Bellarmine University (EE.UU.), Chuo University (Jap\u00f3n).<\/p>\n\n\n\n<p class=\"wp-block-paragraph\" style=\"font-size:17px\">El vicerrector de Desarrollo de la PUCV, Arturo Chicano, los invit\u00f3 a aprender de esta nueva experiencia y a ver las dificultades como oportunidades de madurez y aprendizaje que se dan fuera de casa. \u201cNo debe haber algo que ense\u00f1e m\u00e1s de la existencia, la vida, el ser y las cosas que un viaje cuando se hace bien. Realizar bien un viaje es tambi\u00e9n vivir las dificultades que le impone, pues las dificultades nos ense\u00f1an a superarlas. A veces nos acostumbramos a pensar la existencia sin dificultades y todo el aprendizaje de la vida nos demuestra que la dificultad ense\u00f1a y es viaje. Viajar significa enfrentar ciertas complejidades y lo bello es que se superan, que poco a poco van entregando aprendizajes, madurez y ese es el gran esfuerzo que hemos realizado por muchos a\u00f1os desde el Programa de Movilidad Estudiantil (\u2026) Desde ac\u00e1 vamos a apoyarlos y acompa\u00f1arlos para que no est\u00e9n solos. Siempre van a estar acompa\u00f1ados por la Universidad\u201d, se\u00f1al\u00f3.&nbsp;<\/p>\n\n\n\n<p class=\"wp-block-paragraph\" style=\"font-size:17px\">En tanto, el Vice Gran Canciller de la Universidad, padre Cristian Eichin, quien particip\u00f3 en la ceremonia de despedida de los y las j\u00f3venes manifest\u00f3 que \u201clos que hemos vivido esta experiencia de estudiar fuera, sabemos lo que significa salir y dejar el pa\u00eds, insertarse en otro con dificultades, pero tambi\u00e9n muchas alegr\u00edas, conocer gente, lugares, da cuenta de que no estamos solos. Chile est\u00e1 dentro de un contexto, de una aldea de conocimiento global, donde estudiar en otro lugar con personas de distintas nacionalidades, nos hace crecer y madurar en nuestra vida acad\u00e9mica y en estudios. El Papa Francisco nos habla sobre el Pacto Educativo Global donde insiste en la necesidad de crecer y tomar conciencia de la educaci\u00f3n, donde se comparta la diversidad y el compromiso por generar una red de relaciones humanas y abiertas\u201d.<\/p>\n","protected":false},"excerpt":{"rendered":"<p>Alumnos de distintas carreras llegaron a diversas universidades de Alemania, B\u00e9lgica, Canad\u00e1, Escocia, Espa\u00f1a, Estados Unidos, Finlandia, Francia, Irlanda, Inglaterra, Italia, Jap\u00f3n, Pa\u00edses Bajos y Suecia.<\/p>\n","protected":false},"author":1,"featured_media":3899,"comment_status":"closed","ping_status":"closed","sticky":false,"template":"","format":"standard","meta":{"footnotes":""},"categories":[3,11],"tags":[],"class_list":["post-3898","post","type-post","status-publish","format-standard","has-post-thumbnail","hentry","category-al-dia","category-educacion"],"_links":{"self":[{"href":"https:\/\/www.semanariolocal.cl\/index.php?rest_route=\/wp\/v2\/posts\/3898","targetHints":{"allow":["GET"]}}],"collection":[{"href":"https:\/\/www.semanariolocal.cl\/index.php?rest_route=\/wp\/v2\/posts"}],"about":[{"href":"https:\/\/www.semanariolocal.cl\/index.php?rest_route=\/wp\/v2\/types\/post"}],"author":[{"embeddable":true,"href":"https:\/\/www.semanariolocal.cl\/index.php?rest_route=\/wp\/v2\/users\/1"}],"replies":[{"embeddable":true,"href":"https:\/\/www.semanariolocal.cl\/index.php?rest_route=%2Fwp%2Fv2%2Fcomments&post=3898"}],"version-history":[{"count":1,"href":"https:\/\/www.semanariolocal.cl\/index.php?rest_route=\/wp\/v2\/posts\/3898\/revisions"}],"predecessor-version":[{"id":3900,"href":"https:\/\/www.semanariolocal.cl\/index.php?rest_route=\/wp\/v2\/posts\/3898\/revisions\/3900"}],"wp:featuredmedia":[{"embeddable":true,"href":"https:\/\/www.semanariolocal.cl\/index.php?rest_route=\/wp\/v2\/media\/3899"}],"wp:attachment":[{"href":"https:\/\/www.semanariolocal.cl\/index.php?rest_route=%2Fwp%2Fv2%2Fmedia&parent=3898"}],"wp:term":[{"taxonomy":"category","embeddable":true,"href":"https:\/\/www.semanariolocal.cl\/index.php?rest_route=%2Fwp%2Fv2%2Fcategories&post=3898"},{"taxonomy":"post_tag","embeddable":true,"href":"https:\/\/www.semanariolocal.cl\/index.php?rest_route=%2Fwp%2Fv2%2Ftags&post=3898"}],"curies":[{"name":"wp","href":"https:\/\/api.w.org\/{rel}","templated":true}]}}