{"id":3894,"date":"2022-01-11T07:00:00","date_gmt":"2022-01-11T10:00:00","guid":{"rendered":"https:\/\/www.semanariolocal.cl\/?p=3894"},"modified":"2022-01-11T00:16:16","modified_gmt":"2022-01-11T03:16:16","slug":"revolucion-democratica-realiza-jornada-de-trabajo-con-miras-al-nuevo-gobierno","status":"publish","type":"post","link":"https:\/\/www.semanariolocal.cl\/?p=3894","title":{"rendered":"Revoluci\u00f3n Democr\u00e1tica realiza jornada de trabajo con miras al Nuevo Gobierno"},"content":{"rendered":"\n<p class=\"wp-block-paragraph\" style=\"font-size:17px\">El s\u00e1bado reci\u00e9n pasado el partido integrante del Frente Amplio reuni\u00f3 a todos sus militantes de la regi\u00f3n de Los Lagos en una extensa jornada de trabajo, que tuvo como objetivo dialogar en torno a los temas m\u00e1s importantes que se deber\u00eda abordar con miras a la instalaci\u00f3n del gobierno del presidente electo Gabriel Boric.<\/p>\n\n\n\n<p class=\"wp-block-paragraph\" style=\"font-size:17px\">El partido, que el viernes 07 cumpli\u00f3 10 a\u00f1os, est\u00e1 desplegado en toda la regi\u00f3n, con 4 concejales: Cristian Olavarr\u00eda en Llanquihue, Evelyn Ch\u00e1vez en Puerto Montt, Juan Alvarado en &nbsp;Chait\u00e9n y Franco Ojeda en Dalcahue a quienes se suma el diputado electo, Jaime Sa\u00e9z Quiroz.<\/p>\n\n\n\n<p class=\"wp-block-paragraph\" style=\"font-size:17px\">Los m\u00e1s de 60 militantes que asistieron a la jornada del d\u00eda s\u00e1bado, reflexionaron y dialogaron sobre la situaci\u00f3n actual de la regi\u00f3n y sus principales necesidades. Actualmente Revoluci\u00f3n Democr\u00e1tica es uno de los partidos de mayor relevancia como parte de la coalici\u00f3n del nuevo gobierno, al cual pertenece Giorgio Jackson, persona de confianza de Gabriel Boric.<\/p>\n\n\n\n<p class=\"wp-block-paragraph\" style=\"font-size:17px\">Para la presidenta regional de RD, Daniela Carvacho, estas instancias son de mucha importancia, ya que \u201cNos encontramos en Lenca, con el prop\u00f3sito de establecer lineamientos para el enorme desaf\u00edo que tenemos como Frente Amplio y como coalici\u00f3n. Hoy tenemos el desaf\u00edo de ser gobierno, de impulsar una masiva aprobaci\u00f3n del plebiscito de salida para la constituci\u00f3n y el seguir trabajando desde los movimientos sociales para empujar los cambios que Chile necesita\u201d.<\/p>\n\n\n\n<p class=\"wp-block-paragraph\" style=\"font-size:17px\">As\u00ed mismo manifest\u00f3 el diputado electo, Jaime Sa\u00e9z: \u201cEsta jornada es muy trascendente para nuestro partido en la regi\u00f3n de Los Lagos, porque junto con este momento de instalaci\u00f3n del nuevo gobierno, tambi\u00e9n estamos viviendo 10 a\u00f1os desde la fundaci\u00f3n de nuestro partido y por lo tanto para nosotros es tremendamente relevante poder reflexionar y deliberar en torno a lo que hemos construido y tambi\u00e9n en torno a nuestros desaf\u00edos pendientes y todas las posibilidades que abre la enorme responsabilidad de ser gobierno. De tal modo que hemos reflexionado en torno al proyecto pol\u00edtico de Revoluci\u00f3n Democr\u00e1tica, la instalaci\u00f3n del gobierno y como tambi\u00e9n nosotros estamos a disposici\u00f3n de la Convenci\u00f3n Constitucional y de ser un apoyo importante para la campa\u00f1a, en torno al plebiscito de salida\u00bb<\/p>\n\n\n\n<p class=\"wp-block-paragraph\" style=\"font-size:17px\">&nbsp;Desde la militancia de Revoluci\u00f3n Democr\u00e1tica agregaron que este espacio fue fundamental para establecer lineamientos colectivos, mirar la regi\u00f3n, pensar sus necesidades, evaluar sus propias capacidades y formar equipos de trabajo, no s\u00f3lo para instalaci\u00f3n del gobierno en la regi\u00f3n, sino para seguir contribuyendo a la organizaci\u00f3n social y a la politizaci\u00f3n ciudadana.<\/p>\n","protected":false},"excerpt":{"rendered":"<p>El s\u00e1bado reci\u00e9n pasado el partido integrante del Frente Amplio reuni\u00f3 a todos sus militantes de la regi\u00f3n de Los Lagos en una extensa jornada de trabajo, que tuvo como objetivo dialogar en torno a los temas m\u00e1s importantes que se deber\u00eda abordar con miras a la instalaci\u00f3n del gobierno del presidente electo Gabriel Boric&#8230;.<a class=\"btnReadMore\" href=\"https:\/\/www.semanariolocal.cl\/?p=3894\"> Leer M\u00e1s<\/a><\/p>\n","protected":false},"author":1,"featured_media":3895,"comment_status":"closed","ping_status":"closed","sticky":false,"template":"","format":"standard","meta":{"footnotes":""},"categories":[3,6],"tags":[],"class_list":["post-3894","post","type-post","status-publish","format-standard","has-post-thumbnail","hentry","category-al-dia","category-politica"],"_links":{"self":[{"href":"https:\/\/www.semanariolocal.cl\/index.php?rest_route=\/wp\/v2\/posts\/3894","targetHints":{"allow":["GET"]}}],"collection":[{"href":"https:\/\/www.semanariolocal.cl\/index.php?rest_route=\/wp\/v2\/posts"}],"about":[{"href":"https:\/\/www.semanariolocal.cl\/index.php?rest_route=\/wp\/v2\/types\/post"}],"author":[{"embeddable":true,"href":"https:\/\/www.semanariolocal.cl\/index.php?rest_route=\/wp\/v2\/users\/1"}],"replies":[{"embeddable":true,"href":"https:\/\/www.semanariolocal.cl\/index.php?rest_route=%2Fwp%2Fv2%2Fcomments&post=3894"}],"version-history":[{"count":1,"href":"https:\/\/www.semanariolocal.cl\/index.php?rest_route=\/wp\/v2\/posts\/3894\/revisions"}],"predecessor-version":[{"id":3896,"href":"https:\/\/www.semanariolocal.cl\/index.php?rest_route=\/wp\/v2\/posts\/3894\/revisions\/3896"}],"wp:featuredmedia":[{"embeddable":true,"href":"https:\/\/www.semanariolocal.cl\/index.php?rest_route=\/wp\/v2\/media\/3895"}],"wp:attachment":[{"href":"https:\/\/www.semanariolocal.cl\/index.php?rest_route=%2Fwp%2Fv2%2Fmedia&parent=3894"}],"wp:term":[{"taxonomy":"category","embeddable":true,"href":"https:\/\/www.semanariolocal.cl\/index.php?rest_route=%2Fwp%2Fv2%2Fcategories&post=3894"},{"taxonomy":"post_tag","embeddable":true,"href":"https:\/\/www.semanariolocal.cl\/index.php?rest_route=%2Fwp%2Fv2%2Ftags&post=3894"}],"curies":[{"name":"wp","href":"https:\/\/api.w.org\/{rel}","templated":true}]}}