{"id":3889,"date":"2022-01-09T12:23:25","date_gmt":"2022-01-09T15:23:25","guid":{"rendered":"https:\/\/www.semanariolocal.cl\/?p=3889"},"modified":"2022-01-09T12:24:32","modified_gmt":"2022-01-09T15:24:32","slug":"3889","status":"publish","type":"post","link":"https:\/\/www.semanariolocal.cl\/?p=3889","title":{"rendered":"Santo Tom\u00e1s Osorno realizar\u00e1 Feria Informativa Vocacional este 11 y 12 de Enero"},"content":{"rendered":"\n<p class=\"wp-block-paragraph\" style=\"font-size:17px\">El Instituto Profesional y Centro de Formaci\u00f3n T\u00e9cnica Santo Tom\u00e1s de Osorno, en el marco del actual Proceso de Admisi\u00f3n 2022, realizar\u00e1 una nueva <strong>feria informativa vocacional<\/strong>, pero esta vez de manera presencial, donde las y los interesados podr\u00e1n conocer todos los detalles de las carreras de su inter\u00e9s, recorrer la sede y conversar con los Jefes y Directores de carrera quienes les ayudar\u00e1n a resolver todas sus dudas.<\/p>\n\n\n\n<p class=\"wp-block-paragraph\" style=\"font-size:17px\">La actividad que se llevar\u00e1 a cabo los pr\u00f3ximos d\u00edas martes 11 y mi\u00e9rcoles 12 de enero, entre las 09:00 y las 18:00 horas en el edificio ubicado en calle Los Carrera 753, tiene como objetivo potenciar la diversidad de carreras t\u00e9cnicas y profesionales que ofrece la Instituci\u00f3n y las <strong>becas y beneficios<\/strong> a los que se pueden optar. As\u00ed lo manifest\u00f3 la directora de Admisi\u00f3n, Ver\u00f3nica Le Fort, quien realiz\u00f3 un llamado a participar en esta feria.<\/p>\n\n\n\n<p class=\"wp-block-paragraph\" style=\"font-size:17px\">La directora de Admisi\u00f3n de Santo Tom\u00e1s Osorno, Ver\u00f3nica Le Fort, agreg\u00f3 que en la oportunidad se dar\u00e1n a conocer las diferentes jornadas y modalidades de las <strong>carreras vespertinas<\/strong> y de las opciones de <strong>continuidad<\/strong> <strong>de estudios<\/strong> dentro de Santo Tom\u00e1s.<\/p>\n\n\n\n<p class=\"wp-block-paragraph\" style=\"font-size:17px\">Concluy\u00f3 con que \u201cpara Santo Tom\u00e1s es de gran relevancia esta iniciativa, que busca entregar informaci\u00f3n y apoyo a los futuros estudiantes del Instituto Profesional y Centro de Formaci\u00f3n T\u00e9cnica, por lo que la invitaci\u00f3n es a participar e informarse\u201d.<\/p>\n","protected":false},"excerpt":{"rendered":"<p>El Instituto Profesional y Centro de Formaci\u00f3n T\u00e9cnica Santo Tom\u00e1s de Osorno, en el marco del actual Proceso de Admisi\u00f3n 2022, realizar\u00e1 una nueva feria informativa vocacional, pero esta vez de manera presencial, donde las y los interesados podr\u00e1n conocer todos los detalles de las carreras de su inter\u00e9s, recorrer la sede y conversar con&#8230;<a class=\"btnReadMore\" href=\"https:\/\/www.semanariolocal.cl\/?p=3889\"> Leer M\u00e1s<\/a><\/p>\n","protected":false},"author":1,"featured_media":3890,"comment_status":"closed","ping_status":"closed","sticky":false,"template":"","format":"standard","meta":{"footnotes":""},"categories":[11],"tags":[],"class_list":["post-3889","post","type-post","status-publish","format-standard","has-post-thumbnail","hentry","category-educacion"],"_links":{"self":[{"href":"https:\/\/www.semanariolocal.cl\/index.php?rest_route=\/wp\/v2\/posts\/3889","targetHints":{"allow":["GET"]}}],"collection":[{"href":"https:\/\/www.semanariolocal.cl\/index.php?rest_route=\/wp\/v2\/posts"}],"about":[{"href":"https:\/\/www.semanariolocal.cl\/index.php?rest_route=\/wp\/v2\/types\/post"}],"author":[{"embeddable":true,"href":"https:\/\/www.semanariolocal.cl\/index.php?rest_route=\/wp\/v2\/users\/1"}],"replies":[{"embeddable":true,"href":"https:\/\/www.semanariolocal.cl\/index.php?rest_route=%2Fwp%2Fv2%2Fcomments&post=3889"}],"version-history":[{"count":2,"href":"https:\/\/www.semanariolocal.cl\/index.php?rest_route=\/wp\/v2\/posts\/3889\/revisions"}],"predecessor-version":[{"id":3892,"href":"https:\/\/www.semanariolocal.cl\/index.php?rest_route=\/wp\/v2\/posts\/3889\/revisions\/3892"}],"wp:featuredmedia":[{"embeddable":true,"href":"https:\/\/www.semanariolocal.cl\/index.php?rest_route=\/wp\/v2\/media\/3890"}],"wp:attachment":[{"href":"https:\/\/www.semanariolocal.cl\/index.php?rest_route=%2Fwp%2Fv2%2Fmedia&parent=3889"}],"wp:term":[{"taxonomy":"category","embeddable":true,"href":"https:\/\/www.semanariolocal.cl\/index.php?rest_route=%2Fwp%2Fv2%2Fcategories&post=3889"},{"taxonomy":"post_tag","embeddable":true,"href":"https:\/\/www.semanariolocal.cl\/index.php?rest_route=%2Fwp%2Fv2%2Ftags&post=3889"}],"curies":[{"name":"wp","href":"https:\/\/api.w.org\/{rel}","templated":true}]}}