{"id":3882,"date":"2022-01-09T12:15:02","date_gmt":"2022-01-09T15:15:02","guid":{"rendered":"https:\/\/www.semanariolocal.cl\/?p=3882"},"modified":"2022-01-09T12:15:11","modified_gmt":"2022-01-09T15:15:11","slug":"alcalde-tomas-garate-em-guerra-contra-la-basura","status":"publish","type":"post","link":"https:\/\/www.semanariolocal.cl\/?p=3882","title":{"rendered":"Alcalde Tom\u00e1s Garate en guerra contra la basura"},"content":{"rendered":"\n<p class=\"wp-block-paragraph\" style=\"font-size:17px\">En esa l\u00ednea, el alcalde de la comuna, Tom\u00e1s G\u00e1rate, acompa\u00f1\u00f3 a su equipo municipal en el recorrido por Nueva Braunau y coment\u00f3: \u201c<strong><em>ocuparemos todos los recursos administrativos, legales y presupuestarios que tengamos a disposici\u00f3n para dar respuesta a esta crisis de gesti\u00f3n de residuos que estamos enfrentando<\/em><\/strong><em>\u201d<\/em>. El edil agradeci\u00f3 la disposici\u00f3n de su equipo y destac\u00f3: \u201c<strong><em>el contrato con la actual empresa recolectora no se est\u00e1 cumpliendo y es a partir de eso que tenemos que dar una respuesta clara y contundente para nuestros barrios<\/em><\/strong><em>\u201d<\/em>.<\/p>\n\n\n\n<p class=\"wp-block-paragraph\" style=\"font-size:17px\">Durante las \u00faltimas semanas han sido consecutivos los reclamos y denuncias por parte de vecinos de Puerto Varas ante el incumplimiento del servicio por parte de la empresa. En ese escenario, la administraci\u00f3n municipal implement\u00f3 una serie de medidas que permitan dar seguimiento y respuesta a estas urgencias.<\/p>\n\n\n\n<p class=\"wp-block-paragraph\" style=\"font-size:17px\">Adem\u00e1s de la cuadrilla de emergencia, el equipo municipal ha estado llamando a las diversas Juntas de Vecinos para conocer de primera fuente la situaci\u00f3n de los barrios y diversos sectores para dar seguimiento a los requerimientos: \u201c<strong><em>Hemos estado trabajando sin cesar durante los \u00faltimos d\u00edas, recibiendo los reclamos y denuncias de nuestra comunidad para as\u00ed dar soluciones a los barrios, poblaciones y diferentes sectores de nuestra comunidad<\/em><\/strong>\u201d, sentenci\u00f3 el alcalde, agradeciendo la disposici\u00f3n del equipo municipal la cual \u201c<strong><em>est\u00e1<\/em>&nbsp;<em>dando la cara con fuerza y est\u00e1 recorriendo cada sector<\/em><\/strong>\u201d.<\/p>\n","protected":false},"excerpt":{"rendered":"<p>Tres camiones de residuos, en un s\u00f3lo d\u00eda, se recolectaron con la implementaci\u00f3n de una cuadrilla municipal de emergencia para enfrentar la crisis que vive actualmente Puerto Varas en esta materia.<\/p>\n","protected":false},"author":1,"featured_media":3883,"comment_status":"closed","ping_status":"closed","sticky":false,"template":"","format":"standard","meta":{"footnotes":""},"categories":[8],"tags":[],"class_list":["post-3882","post","type-post","status-publish","format-standard","has-post-thumbnail","hentry","category-comunas"],"_links":{"self":[{"href":"https:\/\/www.semanariolocal.cl\/index.php?rest_route=\/wp\/v2\/posts\/3882","targetHints":{"allow":["GET"]}}],"collection":[{"href":"https:\/\/www.semanariolocal.cl\/index.php?rest_route=\/wp\/v2\/posts"}],"about":[{"href":"https:\/\/www.semanariolocal.cl\/index.php?rest_route=\/wp\/v2\/types\/post"}],"author":[{"embeddable":true,"href":"https:\/\/www.semanariolocal.cl\/index.php?rest_route=\/wp\/v2\/users\/1"}],"replies":[{"embeddable":true,"href":"https:\/\/www.semanariolocal.cl\/index.php?rest_route=%2Fwp%2Fv2%2Fcomments&post=3882"}],"version-history":[{"count":2,"href":"https:\/\/www.semanariolocal.cl\/index.php?rest_route=\/wp\/v2\/posts\/3882\/revisions"}],"predecessor-version":[{"id":3885,"href":"https:\/\/www.semanariolocal.cl\/index.php?rest_route=\/wp\/v2\/posts\/3882\/revisions\/3885"}],"wp:featuredmedia":[{"embeddable":true,"href":"https:\/\/www.semanariolocal.cl\/index.php?rest_route=\/wp\/v2\/media\/3883"}],"wp:attachment":[{"href":"https:\/\/www.semanariolocal.cl\/index.php?rest_route=%2Fwp%2Fv2%2Fmedia&parent=3882"}],"wp:term":[{"taxonomy":"category","embeddable":true,"href":"https:\/\/www.semanariolocal.cl\/index.php?rest_route=%2Fwp%2Fv2%2Fcategories&post=3882"},{"taxonomy":"post_tag","embeddable":true,"href":"https:\/\/www.semanariolocal.cl\/index.php?rest_route=%2Fwp%2Fv2%2Ftags&post=3882"}],"curies":[{"name":"wp","href":"https:\/\/api.w.org\/{rel}","templated":true}]}}