{"id":3860,"date":"2022-01-06T07:02:00","date_gmt":"2022-01-06T10:02:00","guid":{"rendered":"https:\/\/www.semanariolocal.cl\/?p=3860"},"modified":"2022-01-06T10:12:03","modified_gmt":"2022-01-06T13:12:03","slug":"municipio-inauguro-escultura-en-homenaje-a-monsenor-francisco-valdes-subercaseaux","status":"publish","type":"post","link":"https:\/\/www.semanariolocal.cl\/?p=3860","title":{"rendered":"Municipio inaugur\u00f3 escultura en homenaje a Monse\u00f1or Francisco Vald\u00e9s Subercaseaux"},"content":{"rendered":"\n<p style=\"font-size:17px\">En una emotiva ceremonia realizada al ingreso de la Catedral San Mateo, el municipio de Osorno inaugur\u00f3 la Escultura en honor al Venerable Siervo de Dios, Monse\u00f1or Francisco Vald\u00e9s Subercaseaux, Primer Obispo de la ciudad; una obra art\u00edstica construida en homenaje a este sacerdote capuchino al conmemorarse 40 a\u00f1os de su muerte y que, actualmente, cuenta con una Causa para ser beatificado.<\/p>\n\n\n\n<p style=\"font-size:17px\">Esta actividad fue encabezada por el alcalde Emeterio Carrillo, concejales de la comuna y el Obispo de Osorno, Monse\u00f1or Jorge Concha, destacando la autoridad edilicia que \u201cMonse\u00f1or Vald\u00e9s se destac\u00f3 siempre por su labor apost\u00f3lica en favor de los m\u00e1s despose\u00eddos y por su decidido aporte en pos de lograr la paz ante la amenaza de un conflicto b\u00e9lico entre Chile y Argentina, el a\u00f1o 1978, promoviendo la mediaci\u00f3n papal que, finalmente, fue aceptada por los gobiernos de ambos pa\u00edses. Por ello, y gracias a un trabajo en conjunto con la Di\u00f3cesis local, se construy\u00f3 esta obra, que fue financiada con recursos 100% municipales y que viene a ser un merecido reconocimiento a quien fue nuestro primer Obispo\u201d.<\/p>\n\n\n\n<p style=\"font-size:17px\">La escultura de Monse\u00f1or Francisco Vald\u00e9s es a escala real, en color envejecido caf\u00e9 moro, tiene 2.20 metros de altura, aproximadamente. Fue trabajada en dos etapas: primero por el destacado escultor Francisco Torres, que elabor\u00f3 un molde en yeso, que permiti\u00f3 que realzara detalles con mayor precisi\u00f3n como la barba o las manos de este sacerdote y, posteriormente, fue fundida en bronce por el Taller \u201cMontes Becker\u201d, gracias a un trabajo que lideraron los escultores Luis Montes Becker y Luis Montes Rojas, ambos acad\u00e9micos de la Facultad de Artes de la Universidad de Chile.<\/p>\n\n\n\n<p style=\"font-size:17px\">La construcci\u00f3n de esta obra tambi\u00e9n fue destacada por el Obispo de Osorno, Monse\u00f1or Jorge Concha, quien se mostr\u00f3 agradecido por su concreci\u00f3n, \u201cpues ahora pasa a ser un hito en la ciudad, y qu\u00e9 mejor que est\u00e9 ubicada al ingreso de la Catedral San Mateo, templo donde actualmente descansan los restos de Monse\u00f1or Vald\u00e9s\u201d.<\/p>\n","protected":false},"excerpt":{"rendered":"<p>En una emotiva ceremonia realizada al ingreso de la Catedral San Mateo, el municipio de Osorno inaugur\u00f3 la Escultura en honor al Venerable Siervo de Dios, Monse\u00f1or Francisco Vald\u00e9s Subercaseaux, Primer Obispo de la ciudad; una obra art\u00edstica construida en homenaje a este sacerdote capuchino al conmemorarse 40 a\u00f1os de su muerte y que, actualmente,&#8230;<a class=\"btnReadMore\" href=\"https:\/\/www.semanariolocal.cl\/?p=3860\"> Leer M\u00e1s<\/a><\/p>\n","protected":false},"author":1,"featured_media":3862,"comment_status":"closed","ping_status":"closed","sticky":false,"template":"","format":"standard","meta":{"footnotes":""},"categories":[3,8,10],"tags":[],"class_list":["post-3860","post","type-post","status-publish","format-standard","has-post-thumbnail","hentry","category-al-dia","category-comunas","category-cultura"],"_links":{"self":[{"href":"https:\/\/www.semanariolocal.cl\/index.php?rest_route=\/wp\/v2\/posts\/3860","targetHints":{"allow":["GET"]}}],"collection":[{"href":"https:\/\/www.semanariolocal.cl\/index.php?rest_route=\/wp\/v2\/posts"}],"about":[{"href":"https:\/\/www.semanariolocal.cl\/index.php?rest_route=\/wp\/v2\/types\/post"}],"author":[{"embeddable":true,"href":"https:\/\/www.semanariolocal.cl\/index.php?rest_route=\/wp\/v2\/users\/1"}],"replies":[{"embeddable":true,"href":"https:\/\/www.semanariolocal.cl\/index.php?rest_route=%2Fwp%2Fv2%2Fcomments&post=3860"}],"version-history":[{"count":1,"href":"https:\/\/www.semanariolocal.cl\/index.php?rest_route=\/wp\/v2\/posts\/3860\/revisions"}],"predecessor-version":[{"id":3863,"href":"https:\/\/www.semanariolocal.cl\/index.php?rest_route=\/wp\/v2\/posts\/3860\/revisions\/3863"}],"wp:featuredmedia":[{"embeddable":true,"href":"https:\/\/www.semanariolocal.cl\/index.php?rest_route=\/wp\/v2\/media\/3862"}],"wp:attachment":[{"href":"https:\/\/www.semanariolocal.cl\/index.php?rest_route=%2Fwp%2Fv2%2Fmedia&parent=3860"}],"wp:term":[{"taxonomy":"category","embeddable":true,"href":"https:\/\/www.semanariolocal.cl\/index.php?rest_route=%2Fwp%2Fv2%2Fcategories&post=3860"},{"taxonomy":"post_tag","embeddable":true,"href":"https:\/\/www.semanariolocal.cl\/index.php?rest_route=%2Fwp%2Fv2%2Ftags&post=3860"}],"curies":[{"name":"wp","href":"https:\/\/api.w.org\/{rel}","templated":true}]}}