{"id":3847,"date":"2022-01-06T07:00:00","date_gmt":"2022-01-06T10:00:00","guid":{"rendered":"https:\/\/www.semanariolocal.cl\/?p=3847"},"modified":"2022-01-06T09:46:48","modified_gmt":"2022-01-06T12:46:48","slug":"entregan-concesion-de-terreno-a-bomberos-de-entre-lagos-para-nuevo-cuartel","status":"publish","type":"post","link":"https:\/\/www.semanariolocal.cl\/?p=3847","title":{"rendered":"Entregan concesi\u00f3n de terreno a Bomberos de Entre Lagos para nuevo cuartel"},"content":{"rendered":"\n<p style=\"font-size:17px\">Ayer mi\u00e9rcoles, el seremi de Bienes Nacionales, Jorge Moreno, se traslad\u00f3 hasta la comuna de Puyehue para hacer entrega de la concesi\u00f3n de un terreno fiscal al cuerpo de bomberos de Entre Lagos. Inmueble donde se construir\u00e1 el nuevo cuartel de la Segunda Compa\u00f1\u00eda que contar\u00e1 con todo el equipamiento para cubrir las necesidades de los vecinos de dicha localidad de la provincia de Osorno.<\/p>\n\n\n\n<p style=\"font-size:17px\">\u201cEsta es una importante entrega y estamos marcando un hito hist\u00f3rico con la familia bomberil de la comuna de Puyehue, ya que despu\u00e9s de cuatro a\u00f1os tramitaci\u00f3n, un sue\u00f1o se hace realidad. Estamos entregando este inmueble de 0,8 hect\u00e1reas que ser\u00e1 destinado a la construcci\u00f3n del cuartel de la Segunda Compa\u00f1\u00eda de Bomberos de esta localidad. Estamos contento como Ministerio de Bienes nacionales de poner a disposici\u00f3n de la comunidad este inmueble para desarrollar tan importante labor\u201d, indic\u00f3 el seremi Jorge Moreno.<\/p>\n\n\n\n<p style=\"font-size:17px\">En el terreno de 0,85 hect\u00e1reas se busca construir un nuevo cuartel de bomberos en Entre Lagos, para as\u00ed poder satisfacer la demanda de la poblaci\u00f3n de mejor forma y a la vez contar con los espacios necesarios para poder almacenar los distintos equipos que ayuden al combate de incendios en el sector urbano y zonas rurales; y reducir las dificultades en salidas de emergencias desde sus dependencias, en beneficio de todos los vecinos de la comuna, como lo explic\u00f3 el superintendente del Cuerpo de Bomberos de Entre Lagos, Juan Pablo Molina.<\/p>\n\n\n\n<p style=\"font-size:17px\">\u201cEste es un hecho hist\u00f3rico dentro de la comuna y del cuerpo de bomberos. Es un hito que nos va a permitir crecer como cuerpo y otorgar un mejor servicio a la comunidad. Adem\u00e1s de seguir profesionaliz\u00e1ndonos y entregando el mejor servicio a nuestros funcionarios. Este es el primer paso, ahora viene la construcci\u00f3n de nuestro nuevo cuartel\u201d, se\u00f1al\u00f3 Molina.<\/p>\n\n\n\n<p style=\"font-size:17px\">La concesi\u00f3n de Uso Gratuito del inmueble fiscal ubicado en Calle Carabinero Novoa S\/N de Entre Lagos, es entregada con el fin de construir un nuevo edificio de 824 m2 de dos niveles, considerando: sala de m\u00e1quinas, \u00e1reas administrativas, dormitorios para el personal de guardia, bodegas, sala de reuniones y departamento de cuartelero.<\/p>\n\n\n\n<p style=\"font-size:17px\">Finalmente, Valeria del R\u00edo, directora de la Segunda Compa\u00f1\u00eda de Bomberos de Entre Lagos, manifest\u00f3 que \u201ces un hito importante como compa\u00f1\u00eda y agradezco a todos los que est\u00e1n permitiendo esta gesti\u00f3n. Quiero motivar a las autoridades locales ya que ahora falta la construcci\u00f3n de nuestro cuartel, que es una gran obra\u201d.<\/p>\n","protected":false},"excerpt":{"rendered":"<p>En el inmueble fiscal de 0,85 hect\u00e1reas se levantar\u00e1 un edificio de 824 m2 totalmente equipado y contar\u00e1 con los espacios necesarios para su correcto funcionamiento.<\/p>\n","protected":false},"author":1,"featured_media":3848,"comment_status":"closed","ping_status":"closed","sticky":false,"template":"","format":"standard","meta":{"footnotes":""},"categories":[3,8],"tags":[],"class_list":["post-3847","post","type-post","status-publish","format-standard","has-post-thumbnail","hentry","category-al-dia","category-comunas"],"_links":{"self":[{"href":"https:\/\/www.semanariolocal.cl\/index.php?rest_route=\/wp\/v2\/posts\/3847","targetHints":{"allow":["GET"]}}],"collection":[{"href":"https:\/\/www.semanariolocal.cl\/index.php?rest_route=\/wp\/v2\/posts"}],"about":[{"href":"https:\/\/www.semanariolocal.cl\/index.php?rest_route=\/wp\/v2\/types\/post"}],"author":[{"embeddable":true,"href":"https:\/\/www.semanariolocal.cl\/index.php?rest_route=\/wp\/v2\/users\/1"}],"replies":[{"embeddable":true,"href":"https:\/\/www.semanariolocal.cl\/index.php?rest_route=%2Fwp%2Fv2%2Fcomments&post=3847"}],"version-history":[{"count":1,"href":"https:\/\/www.semanariolocal.cl\/index.php?rest_route=\/wp\/v2\/posts\/3847\/revisions"}],"predecessor-version":[{"id":3849,"href":"https:\/\/www.semanariolocal.cl\/index.php?rest_route=\/wp\/v2\/posts\/3847\/revisions\/3849"}],"wp:featuredmedia":[{"embeddable":true,"href":"https:\/\/www.semanariolocal.cl\/index.php?rest_route=\/wp\/v2\/media\/3848"}],"wp:attachment":[{"href":"https:\/\/www.semanariolocal.cl\/index.php?rest_route=%2Fwp%2Fv2%2Fmedia&parent=3847"}],"wp:term":[{"taxonomy":"category","embeddable":true,"href":"https:\/\/www.semanariolocal.cl\/index.php?rest_route=%2Fwp%2Fv2%2Fcategories&post=3847"},{"taxonomy":"post_tag","embeddable":true,"href":"https:\/\/www.semanariolocal.cl\/index.php?rest_route=%2Fwp%2Fv2%2Ftags&post=3847"}],"curies":[{"name":"wp","href":"https:\/\/api.w.org\/{rel}","templated":true}]}}