{"id":3773,"date":"2022-01-02T10:10:21","date_gmt":"2022-01-02T13:10:21","guid":{"rendered":"https:\/\/www.semanariolocal.cl\/?p=3773"},"modified":"2022-01-02T10:10:21","modified_gmt":"2022-01-02T13:10:21","slug":"gobernador-vallespin-llamo-a-construir-entre-todos-una-region-sustentable-e-inclusiva","status":"publish","type":"post","link":"https:\/\/www.semanariolocal.cl\/?p=3773","title":{"rendered":"Gobernador Vallespin llam\u00f3 a construir entre todos una regi\u00f3n sustentable e inclusiva"},"content":{"rendered":"\n<p style=\"font-size:17px\">Patricio Vallespin, gobernador regional de Los Lagos, realiz\u00f3 un balance de lo que ha sido su gesti\u00f3n en este nuevo cargo indicando que \u201ces promisorio y positivo, porque por una parte logramos instalar el gobierno regional con los equipos pertinentes y poder avanzar en muchas materias administrativas y t\u00e9cnicas ya que la anterior administraci\u00f3n hab\u00eda sido muy poco eficiente, generando una expectativa de que para qu\u00e9 avanzar si llegaba otro y eso signific\u00f3 recibir un gasto muy retrasado, no tener avanzado los proyectos para marcar eficiencia para el pr\u00f3ximo a\u00f1o y logramos reponer eso. Generamos equipos de trabajo motivados, se hicieron los ajustes pertinentes y hoy tenemos un gobierno regional preparado para los grandes desaf\u00edos que se vienen\u201d.<\/p>\n\n\n\n<p style=\"font-size:17px\">\u201cFuimos capaces de mejorar procedimientos administrativos y t\u00e9cnicos que se van a notar en el 2022, porque en el 2021 ten\u00edamos la mesa servida en materia de recursos, no pod\u00edamos innovar mucho, pero el 2022 y 2023 se van a notar los ajustes que estamos haciendo en estos primeros seis meses de gesti\u00f3n\u201d, agreg\u00f3 el gobernador.<\/p>\n\n\n\n<p style=\"font-size:17px\"><strong>Gesti\u00f3n 2023<\/strong><\/p>\n\n\n\n<p style=\"font-size:17px\">La m\u00e1xima autoridad regional de Los Lagos, dijo que \u201clo que viene para el 2023 es muy expectante, porque creo que el nuevo gobierno del presidente electo, Gabriel Boric, va a ser de la agenda descentralizadora una carta de navegaci\u00f3n. Nuestra mirada es tener claridad respecto de los grandes desaf\u00edos de la regi\u00f3n, vamos a tener un pacto por una regi\u00f3n sustentable e inclusiva, la que ser\u00e1 nuestra propia carta de navegaci\u00f3n donde los sectores productivos van a comprometer su actuar. Vamos a definir prioridades claras para tener una agenda y cartera de proyectos muy potentes en materia de obras p\u00fablicas, de tal forma de avanzar en agua potable rural, en caminos, en infraestructura portuaria, y otras iniciativas relevantes\u201d.<\/p>\n\n\n\n<p style=\"font-size:17px\">Vallespin a\u00f1adi\u00f3 \u201chemos logrado un aumento importante del presupuesto de la regi\u00f3n a trav\u00e9s de una negociaci\u00f3n directa con la Direcci\u00f3n de Presupuesto y el Congreso, lo que va ligado a la positiva evaluaci\u00f3n de la naciente Asociaci\u00f3n de Gobernadores Regionales con el fin de fijar la agenda descentralizadora a nivel nacional. Este 12 de enero vamos a tener una reuni\u00f3n con el presidente electo, Gabriel Boric, y los 16 gobernadores, ocasi\u00f3n en que queremos marcar los puntos centrales y compartir los desaf\u00edos que \u00e9l nos hab\u00eda anticipado y que ahora debe hacer parte de su accionar como presidente.\u201d<\/p>\n\n\n\n<p style=\"font-size:17px\">\u201cLa evaluaci\u00f3n de lo hecho hasta el minuto es positiva, las perspectivas son muy promisorias porque la descentralizaci\u00f3n va a ser parte de la agenda del futuro gobierno de Gabriel Boric y tambi\u00e9n estar\u00e1 presente en la convenci\u00f3n constitucional, donde estamos preparando como gobernadores regionales una propuesta de lo que debieran ser los contenidos esenciales de la carta magna en materia de descentralizaci\u00f3n. Por lo tanto, nos sentimos muy satisfechos por lo que hemos realizado y motivados para seguir avanzando con desaf\u00edos realizables, pero con mirada de futuro, porque el desarrollo regional sustentable de la regi\u00f3n de Los Lagos lo podemos hacer realidad trabajando todos juntos\u201d, finaliz\u00f3 el gobernador Patricio Vallespin.<\/p>\n","protected":false},"excerpt":{"rendered":"<p>Patricio Vallespin, gobernador regional de Los Lagos, realiz\u00f3 un balance de lo que ha sido su gesti\u00f3n en este nuevo cargo indicando que \u201ces promisorio y positivo, porque por una parte logramos instalar el gobierno regional con los equipos pertinentes y poder avanzar en muchas materias administrativas y t\u00e9cnicas ya que la anterior administraci\u00f3n hab\u00eda&#8230;<a class=\"btnReadMore\" href=\"https:\/\/www.semanariolocal.cl\/?p=3773\"> Leer M\u00e1s<\/a><\/p>\n","protected":false},"author":1,"featured_media":3774,"comment_status":"closed","ping_status":"closed","sticky":false,"template":"","format":"standard","meta":{"footnotes":""},"categories":[3],"tags":[],"class_list":["post-3773","post","type-post","status-publish","format-standard","has-post-thumbnail","hentry","category-al-dia"],"_links":{"self":[{"href":"https:\/\/www.semanariolocal.cl\/index.php?rest_route=\/wp\/v2\/posts\/3773","targetHints":{"allow":["GET"]}}],"collection":[{"href":"https:\/\/www.semanariolocal.cl\/index.php?rest_route=\/wp\/v2\/posts"}],"about":[{"href":"https:\/\/www.semanariolocal.cl\/index.php?rest_route=\/wp\/v2\/types\/post"}],"author":[{"embeddable":true,"href":"https:\/\/www.semanariolocal.cl\/index.php?rest_route=\/wp\/v2\/users\/1"}],"replies":[{"embeddable":true,"href":"https:\/\/www.semanariolocal.cl\/index.php?rest_route=%2Fwp%2Fv2%2Fcomments&post=3773"}],"version-history":[{"count":1,"href":"https:\/\/www.semanariolocal.cl\/index.php?rest_route=\/wp\/v2\/posts\/3773\/revisions"}],"predecessor-version":[{"id":3775,"href":"https:\/\/www.semanariolocal.cl\/index.php?rest_route=\/wp\/v2\/posts\/3773\/revisions\/3775"}],"wp:featuredmedia":[{"embeddable":true,"href":"https:\/\/www.semanariolocal.cl\/index.php?rest_route=\/wp\/v2\/media\/3774"}],"wp:attachment":[{"href":"https:\/\/www.semanariolocal.cl\/index.php?rest_route=%2Fwp%2Fv2%2Fmedia&parent=3773"}],"wp:term":[{"taxonomy":"category","embeddable":true,"href":"https:\/\/www.semanariolocal.cl\/index.php?rest_route=%2Fwp%2Fv2%2Fcategories&post=3773"},{"taxonomy":"post_tag","embeddable":true,"href":"https:\/\/www.semanariolocal.cl\/index.php?rest_route=%2Fwp%2Fv2%2Ftags&post=3773"}],"curies":[{"name":"wp","href":"https:\/\/api.w.org\/{rel}","templated":true}]}}