{"id":3769,"date":"2021-12-30T13:13:04","date_gmt":"2021-12-30T16:13:04","guid":{"rendered":"https:\/\/www.semanariolocal.cl\/?p=3769"},"modified":"2021-12-30T13:13:05","modified_gmt":"2021-12-30T16:13:05","slug":"tres-empresas-locales-reciben-certificacion-por-trabajar-con-programa-de-senda","status":"publish","type":"post","link":"https:\/\/www.semanariolocal.cl\/?p=3769","title":{"rendered":"Tres empresas locales reciben certificaci\u00f3n por trabajar con programa de SENDA"},"content":{"rendered":"\n<p style=\"font-size:17px\">El Hospital Base San Jos\u00e9, la Empresa Telecsa y MV Contratistas de Osorno, recibieron su certificaci\u00f3n por ser parte del programa Trabajar con Calidad de Vida, metodolog\u00eda de prevenci\u00f3n del consumo de drogas y alcohol en espacios laborales, impulsada por el Servicio Nacional para la Prevenci\u00f3n y Rehabilitaci\u00f3n del Consumo de Drogas y Alcohol (SENDA).<\/p>\n\n\n\n<p style=\"font-size:17px\">En la ocasi\u00f3n, la directora regional de SENDA Los Lagos, Andrea Castillo, conoci\u00f3 las experiencias de los equipos preventivos, se\u00f1alando que \u201cfelicitamos a las organizaciones laborales que son parte de esta iniciativa que, como lo ha manifestado el Director Nacional de SENDA Carlos Charme, contribuye en mejorar la calidad de vida y el bienestar de las personas. &nbsp; Actualmente, en la regi\u00f3n de Los Lagos, participan 79 organizaciones en los distintos programas laborales de SENDA, beneficiando a 2.903 trabajadores\u201d.<\/p>\n\n\n\n<p style=\"font-size:17px\">Carlos Bustos, jefe recursos humanos de la empresa Telecsa, indic\u00f3 que Trabajar con SENDA \u201cha sido fundamental para nosotros, nos ayuda a mejorar nuestro trabajo en prevenci\u00f3n de riesgos ya que existen muchos riesgos asociados al consumo de drogas y alcohol\u201d.<\/p>\n\n\n\n<p style=\"font-size:17px\">Asimismo, Hans Hesse Igor, Director del Hospital Base San Jos\u00e9 de Osorno, manifest\u00f3 que el programa Trabajar con Calidad de Vida \u201ces tremendamente importante en brindarnos un apoyo para desarrollar herramientas que nos permitan ayudar a nuestros funcionarios, y en tener pol\u00edticas preventivas en el \u00e1rea laboral y psicosocial que les beneficien\u201d.<\/p>\n\n\n\n<p style=\"font-size:17px\">De igual manera, Alfredo Vel\u00e1squez, supervisor general de la empresa MV Contratistas, valor\u00f3 la iniciativa \u201cya que, sin esta gu\u00eda, anteriormente trabajamos este tema preventivo con lo poco que ten\u00edamos\u201d, recalcando que el programa de SENDA ha permitido ayudar y apoyar a los trabajadores de la empresa.<\/p>\n\n\n\n<p style=\"font-size:17px\">Cabe destacar que el programa Trabajar con Calidad de Vida cuenta con 7 etapas y se implementa en instituciones p\u00fablicas y empresas privadas medianas y grandes, a trav\u00e9s de una metodolog\u00eda participativa, auto aplicada y dirigida por un equipo que representa a todos los estamentos de la organizaci\u00f3n.<\/p>\n\n\n\n<p style=\"font-size:17px\">Para mayor informaci\u00f3n y si les interesa ser parte de los programas de prevenci\u00f3n en espacios laborales, pueden contactarse con la direcci\u00f3n regional de SENDA Los Lagos, al tel\u00e9fono 65-2344606.<\/p>\n","protected":false},"excerpt":{"rendered":"<p>La iniciativa contribuye a mejorar la calidad de vida laboral y desarrollar una cultura preventiva al interior de las organizaciones.<\/p>\n","protected":false},"author":1,"featured_media":3770,"comment_status":"closed","ping_status":"closed","sticky":false,"template":"","format":"standard","meta":{"footnotes":""},"categories":[3],"tags":[],"class_list":["post-3769","post","type-post","status-publish","format-standard","has-post-thumbnail","hentry","category-al-dia"],"_links":{"self":[{"href":"https:\/\/www.semanariolocal.cl\/index.php?rest_route=\/wp\/v2\/posts\/3769","targetHints":{"allow":["GET"]}}],"collection":[{"href":"https:\/\/www.semanariolocal.cl\/index.php?rest_route=\/wp\/v2\/posts"}],"about":[{"href":"https:\/\/www.semanariolocal.cl\/index.php?rest_route=\/wp\/v2\/types\/post"}],"author":[{"embeddable":true,"href":"https:\/\/www.semanariolocal.cl\/index.php?rest_route=\/wp\/v2\/users\/1"}],"replies":[{"embeddable":true,"href":"https:\/\/www.semanariolocal.cl\/index.php?rest_route=%2Fwp%2Fv2%2Fcomments&post=3769"}],"version-history":[{"count":1,"href":"https:\/\/www.semanariolocal.cl\/index.php?rest_route=\/wp\/v2\/posts\/3769\/revisions"}],"predecessor-version":[{"id":3771,"href":"https:\/\/www.semanariolocal.cl\/index.php?rest_route=\/wp\/v2\/posts\/3769\/revisions\/3771"}],"wp:featuredmedia":[{"embeddable":true,"href":"https:\/\/www.semanariolocal.cl\/index.php?rest_route=\/wp\/v2\/media\/3770"}],"wp:attachment":[{"href":"https:\/\/www.semanariolocal.cl\/index.php?rest_route=%2Fwp%2Fv2%2Fmedia&parent=3769"}],"wp:term":[{"taxonomy":"category","embeddable":true,"href":"https:\/\/www.semanariolocal.cl\/index.php?rest_route=%2Fwp%2Fv2%2Fcategories&post=3769"},{"taxonomy":"post_tag","embeddable":true,"href":"https:\/\/www.semanariolocal.cl\/index.php?rest_route=%2Fwp%2Fv2%2Ftags&post=3769"}],"curies":[{"name":"wp","href":"https:\/\/api.w.org\/{rel}","templated":true}]}}