{"id":3766,"date":"2021-12-30T12:54:25","date_gmt":"2021-12-30T15:54:25","guid":{"rendered":"https:\/\/www.semanariolocal.cl\/?p=3766"},"modified":"2021-12-30T12:54:26","modified_gmt":"2021-12-30T15:54:26","slug":"mejorando-la-calidad-de-vida-urbana-en-osorno","status":"publish","type":"post","link":"https:\/\/www.semanariolocal.cl\/?p=3766","title":{"rendered":"Mejorando la calidad de vida urbana en Osorno"},"content":{"rendered":"\n<p style=\"font-size:17px\">Todo lugar tiene su identidad y \u00e9sta se define por varios aspectos, pero principalmente por su gente. Y Osorno no es la excepci\u00f3n, ya que sus paisajes, arquitectura, costumbres, comidas y por supuesto sus habitantes, definen su identidad.<\/p>\n\n\n\n<p style=\"font-size:17px\">Desde su fundaci\u00f3n en&nbsp;1558&nbsp;por el gobernador Garc\u00eda Hurtado de Mendoza, Osorno es vista como una ciudad estrat\u00e9gica con dos r\u00edos el Rahue y el Damas que aseguraban el vital recurso para el desarrollo de la ciudad.<\/p>\n\n\n\n<p style=\"font-size:17px\">La fertilidad de sus tierras y la llegada de colonos permitieron que se iniciara la explotaci\u00f3n agr\u00edcola y ganadera, lo que llev\u00f3 a un aumento en la poblaci\u00f3n urbana y por ende nuevos desaf\u00edos en la calidad de vida.<\/p>\n\n\n\n<p style=\"font-size:17px\">\u00bfQu\u00e9 piensa el Osornino de su ciudad, qu\u00e9 quiere para \u00e9sta, c\u00f3mo la cuida, c\u00f3mo aporta en ella para transformarla en una ciudad con altos est\u00e1ndares de calidad de vida?<\/p>\n\n\n\n<p style=\"font-size:17px\">Esto es algo que un grupo de instituciones \u2013incluida Santo Tom\u00e1s Osorno, se pregunt\u00f3 ya hace 3 a\u00f1os y se propuso averiguar directo de la fuente. Es un trabajo de largo aliento que hemos realizado con el Consejo Urbano de Osorno y su proyecto&nbsp;\u201cOsorno, Nuestra Ciudad\u201d que agrupa a diferentes instituciones del \u00e1mbito p\u00fablico y privado con el prop\u00f3sito de mejorar la calidad de vida de nuestros osorninos.<\/p>\n\n\n\n<p style=\"font-size:17px\">Los frutos de este trabajo est\u00e1n dando luces con los resultados de la Encuesta Ciudadana aplicada a mediados de este 2021, y en donde se puede apreciar el fuerte arraigo que los osorninos tienen con su ciudad y la percepci\u00f3n de turistas y visitantes habituales. Destacan, adem\u00e1s, otros elementos que se trabajaron en la caracterizaci\u00f3n urbana, tales como la localizaci\u00f3n y conectividad, antecedentes sociodemogr\u00e1ficos, actividades econ\u00f3micas y empleo, planificaci\u00f3n territorial y vivienda y equipamiento. &nbsp;<\/p>\n\n\n\n<p style=\"font-size:17px\">Junto al Consejo Urbano nos encontramos en la etapa de construcci\u00f3n del informe final de nuestra ciudad, que ser\u00e1 dado a conocer a sus habitantes y puesto a disposici\u00f3n de nuestras autoridades como material de apoyo a su gesti\u00f3n para la mejorar calidad de vida de las y los osorninos tras su participaci\u00f3n en encuestas y con el apoyo de expertos e construcci\u00f3n e ingenier\u00eda.<\/p>\n\n\n\n<p style=\"font-size:17px\"><em>Por Claudio Angulo Torres<\/em> &#8211; <em>Director de carreras \u00c1rea Ingenier\u00eda<\/em> &#8211; <em>IP-CFT Santo Tom\u00e1s Osorno<\/em><\/p>\n","protected":false},"excerpt":{"rendered":"<p>Todo lugar tiene su identidad y \u00e9sta se define por varios aspectos, pero principalmente por su gente. Y Osorno no es la excepci\u00f3n, ya que sus paisajes, arquitectura, costumbres, comidas y por supuesto sus habitantes, definen su identidad. Desde su fundaci\u00f3n en&nbsp;1558&nbsp;por el gobernador Garc\u00eda Hurtado de Mendoza, Osorno es vista como una ciudad estrat\u00e9gica&#8230;<a class=\"btnReadMore\" href=\"https:\/\/www.semanariolocal.cl\/?p=3766\"> Leer M\u00e1s<\/a><\/p>\n","protected":false},"author":1,"featured_media":3767,"comment_status":"closed","ping_status":"closed","sticky":false,"template":"","format":"standard","meta":{"footnotes":""},"categories":[11,7],"tags":[],"class_list":["post-3766","post","type-post","status-publish","format-standard","has-post-thumbnail","hentry","category-educacion","category-opinion"],"_links":{"self":[{"href":"https:\/\/www.semanariolocal.cl\/index.php?rest_route=\/wp\/v2\/posts\/3766","targetHints":{"allow":["GET"]}}],"collection":[{"href":"https:\/\/www.semanariolocal.cl\/index.php?rest_route=\/wp\/v2\/posts"}],"about":[{"href":"https:\/\/www.semanariolocal.cl\/index.php?rest_route=\/wp\/v2\/types\/post"}],"author":[{"embeddable":true,"href":"https:\/\/www.semanariolocal.cl\/index.php?rest_route=\/wp\/v2\/users\/1"}],"replies":[{"embeddable":true,"href":"https:\/\/www.semanariolocal.cl\/index.php?rest_route=%2Fwp%2Fv2%2Fcomments&post=3766"}],"version-history":[{"count":1,"href":"https:\/\/www.semanariolocal.cl\/index.php?rest_route=\/wp\/v2\/posts\/3766\/revisions"}],"predecessor-version":[{"id":3768,"href":"https:\/\/www.semanariolocal.cl\/index.php?rest_route=\/wp\/v2\/posts\/3766\/revisions\/3768"}],"wp:featuredmedia":[{"embeddable":true,"href":"https:\/\/www.semanariolocal.cl\/index.php?rest_route=\/wp\/v2\/media\/3767"}],"wp:attachment":[{"href":"https:\/\/www.semanariolocal.cl\/index.php?rest_route=%2Fwp%2Fv2%2Fmedia&parent=3766"}],"wp:term":[{"taxonomy":"category","embeddable":true,"href":"https:\/\/www.semanariolocal.cl\/index.php?rest_route=%2Fwp%2Fv2%2Fcategories&post=3766"},{"taxonomy":"post_tag","embeddable":true,"href":"https:\/\/www.semanariolocal.cl\/index.php?rest_route=%2Fwp%2Fv2%2Ftags&post=3766"}],"curies":[{"name":"wp","href":"https:\/\/api.w.org\/{rel}","templated":true}]}}