{"id":3757,"date":"2021-12-30T12:18:45","date_gmt":"2021-12-30T15:18:45","guid":{"rendered":"https:\/\/www.semanariolocal.cl\/?p=3757"},"modified":"2021-12-30T12:18:45","modified_gmt":"2021-12-30T15:18:45","slug":"dip-gaston-saavedra-urge-proyecto-que-permite-a-enap-entrar-en-mercado-del-gas","status":"publish","type":"post","link":"https:\/\/www.semanariolocal.cl\/?p=3757","title":{"rendered":"Dip. Gast\u00f3n Saavedra: \u00abUrge proyecto que permite a ENAP entrar en mercado del gas\u00bb"},"content":{"rendered":"\n<p style=\"font-size:17px\">El diputado PS, Gast\u00f3n Saavedra, valor\u00f3 el informe final de la Fiscal\u00eda Nacional Econ\u00f3mica sobre el mercado del gas que establece la necesidad urgente de \u00abimplementar cambios regulatorios y legales que fomenten una mayor competencia tanto en el negocio del gas licuado como en el del gas natural\u00bb.<\/p>\n\n\n\n<p style=\"font-size:17px\">A juicio del parlamentario socialista \u00abel informe viene a confirmar y da un espaldarazo a nuestro proyecto,&nbsp;<strong>GAS A PRECIO JUSTO.<\/strong>&nbsp;Hoy se ratifica&nbsp;que hay que poner urgencia al proyecto que permite a ENAP entrar al mercado de la distribuci\u00f3n y comercializaci\u00f3n de este combustible bajando de manera considerable el valor del gas\u00bb<\/p>\n\n\n\n<p style=\"font-size:17px\">\u00abSiempre dijimos que la manera m\u00e1s realista de tener precios justos es que ENAP participe de este mercado, ellos tienen las herramientas y la experiencia para la venta de este combustible\u00bb, dijo Saavedra.<\/p>\n\n\n\n<p style=\"font-size:17px\">El parlamentario socialista agreg\u00f3 que \u00abel proyecto ya fue aprobado en general por la Comisi\u00f3n de Miner\u00eda y ahora esperamos que se vote en particular la primera semana de Enero\u00bb<\/p>\n\n\n\n<p style=\"font-size:17px\">\u00abDe verdad esperamos que el Congreso y el Gobierno respalden&nbsp; nuestra iniciativa que viene a solucionar el tremendo abuso de las empresas que venden Gas Licuado, no en vano los m\u00e1rgenes de la ventas de las empresas son alt\u00edsimos. Las empresas nunca traspasaron las bajas de precios a los consumidores y solo continuaron ganando a costa de la gente\u00bb, concluy\u00f3 Gast\u00f3n Saavedra.<\/p>\n","protected":false},"excerpt":{"rendered":"<p>El parlamentario socialista record\u00f3 que el proyecto ya fue aprobado en general y espera ser votado por la comisi\u00f3n de miner\u00eda la primera semana de Enero.<\/p>\n","protected":false},"author":1,"featured_media":3758,"comment_status":"closed","ping_status":"closed","sticky":false,"template":"","format":"standard","meta":{"footnotes":""},"categories":[6],"tags":[],"class_list":["post-3757","post","type-post","status-publish","format-standard","has-post-thumbnail","hentry","category-politica"],"_links":{"self":[{"href":"https:\/\/www.semanariolocal.cl\/index.php?rest_route=\/wp\/v2\/posts\/3757","targetHints":{"allow":["GET"]}}],"collection":[{"href":"https:\/\/www.semanariolocal.cl\/index.php?rest_route=\/wp\/v2\/posts"}],"about":[{"href":"https:\/\/www.semanariolocal.cl\/index.php?rest_route=\/wp\/v2\/types\/post"}],"author":[{"embeddable":true,"href":"https:\/\/www.semanariolocal.cl\/index.php?rest_route=\/wp\/v2\/users\/1"}],"replies":[{"embeddable":true,"href":"https:\/\/www.semanariolocal.cl\/index.php?rest_route=%2Fwp%2Fv2%2Fcomments&post=3757"}],"version-history":[{"count":1,"href":"https:\/\/www.semanariolocal.cl\/index.php?rest_route=\/wp\/v2\/posts\/3757\/revisions"}],"predecessor-version":[{"id":3759,"href":"https:\/\/www.semanariolocal.cl\/index.php?rest_route=\/wp\/v2\/posts\/3757\/revisions\/3759"}],"wp:featuredmedia":[{"embeddable":true,"href":"https:\/\/www.semanariolocal.cl\/index.php?rest_route=\/wp\/v2\/media\/3758"}],"wp:attachment":[{"href":"https:\/\/www.semanariolocal.cl\/index.php?rest_route=%2Fwp%2Fv2%2Fmedia&parent=3757"}],"wp:term":[{"taxonomy":"category","embeddable":true,"href":"https:\/\/www.semanariolocal.cl\/index.php?rest_route=%2Fwp%2Fv2%2Fcategories&post=3757"},{"taxonomy":"post_tag","embeddable":true,"href":"https:\/\/www.semanariolocal.cl\/index.php?rest_route=%2Fwp%2Fv2%2Ftags&post=3757"}],"curies":[{"name":"wp","href":"https:\/\/api.w.org\/{rel}","templated":true}]}}