{"id":3750,"date":"2021-12-30T11:53:11","date_gmt":"2021-12-30T14:53:11","guid":{"rendered":"https:\/\/www.semanariolocal.cl\/?p=3750"},"modified":"2021-12-30T12:14:51","modified_gmt":"2021-12-30T15:14:51","slug":"radiografia-al-incendio-en-quillon-1-300-hectareas-de-vegetacion-afectadas","status":"publish","type":"post","link":"https:\/\/www.semanariolocal.cl\/?p=3750","title":{"rendered":"Radiograf\u00eda al incendio en Quill\u00f3n: 1.300 hect\u00e1reas de vegetaci\u00f3n afectadas"},"content":{"rendered":"\n<p style=\"font-size:17px\">Seg\u00fan el \u00faltimo reporte entregado por la Oficina Nacional de Emergencia, actualmente hay 44 incendios forestales a nivel nacional, de los cuales 19 se encuentran activos, 22 controlados y 3 extinguidos. En este sentido, Onemi inform\u00f3 que durante el segundo semestre del 2021, la zona desde la Regi\u00f3n de O&#8217;Higgins hasta Los Lagos es la m\u00e1s afectada por este tipo de emergencias, totalizando alrededor de 30 mil hect\u00e1reas quemadas en los \u00faltimos 6 meses.<\/p>\n\n\n\n<p style=\"font-size:17px\">En particular, lo ocurrido en Quill\u00f3n estos \u00faltimos d\u00edas mantiene en alerta a autoridades y a la poblaci\u00f3n en general. Actualmente, las fuerzas de combate se mantienen concentradas en \u00abzonas calientes\u00bb dentro de \u00e1reas quemadas, explic\u00f3 el director regional de Conaf en \u00d1uble, Domingo Gonz\u00e1lez. \u00abTenemos, especialmente condiciones clim\u00e1ticas favorables, que nos permiten ya ir trabajando en la liquidaci\u00f3n del incendio. Todav\u00eda tenemos algunos puntos calientes, que tenemos que asegurar para dar la condici\u00f3n final de controlado y extinguido\u00bb<\/p>\n\n\n\n<p style=\"font-size:17px\">\u00bfPero de qu\u00e9 magnitud fue esta emergencia? <a rel=\"noreferrer noopener\" href=\"https:\/\/www.dataintelligence-group.com\/\" target=\"_blank\">Data Intelligence<\/a> realiz\u00f3 una estimaci\u00f3n preliminar a partir de los focos de calor detectados diariamente por el sat\u00e9lite VIIRS y su combinaci\u00f3n con el mapeo de la vegetaci\u00f3n arb\u00f3rea obtenida de im\u00e1genes satelitales Sentinel. Como \u00e1rea potencialmente afectada se consider\u00f3 un radio de 200 metros alrededor de cada foco de calor.<\/p>\n\n\n\n<p style=\"font-size:17px\">Los focos de calor son anomal\u00edas t\u00e9rmicas representadas en un mapa como <em>hot spots<\/em> de potenciales incendios, y en el caso de incendios confirmados con el de Quill\u00f3n, brindan informaci\u00f3n sobre las fechas en que los fuegos son detectados y se puede derivar el potencial radio de afectaci\u00f3n.&nbsp;<\/p>\n\n\n\n<p style=\"font-size:17px\">Sin embargo, una evaluaci\u00f3n final de los da\u00f1os y superficie quemada es realizada por las autoridades nacionales una vez que el incendio ha sido controlado. En este sentido, seg\u00fan los datos del CONAF, la estimaci\u00f3n preliminar de afectaci\u00f3n del incendio es de 2.100 hect\u00e1reas.\u00a0<\/p>\n\n\n\n<p style=\"font-size:17px\"><strong>Visor Data Intelligence Incendios Forestales: Quill\u00f3<\/strong>n<\/p>\n\n\n\n<p><a href=\"https:\/\/www.dataintelligence-group.com\/contenido\/visualizador\/fuego_quillon\">https:\/\/www.dataintelligence-group.com\/contenido\/visualizador\/fuego_quillon<\/a><\/p>\n","protected":false},"excerpt":{"rendered":"<p>En esta l\u00ednea, de acuerdo a informaci\u00f3n de Data Intelligence, son en total cerca de 1.950 hect\u00e1reas las que eventualmente sufrir\u00e1n alg\u00fan tipo de da\u00f1o por la emergencia ocurrida entre el 25 y 27 de diciembre. <\/p>\n","protected":false},"author":1,"featured_media":3751,"comment_status":"closed","ping_status":"closed","sticky":false,"template":"","format":"standard","meta":{"footnotes":""},"categories":[4],"tags":[],"class_list":["post-3750","post","type-post","status-publish","format-standard","has-post-thumbnail","hentry","category-reportajes"],"_links":{"self":[{"href":"https:\/\/www.semanariolocal.cl\/index.php?rest_route=\/wp\/v2\/posts\/3750","targetHints":{"allow":["GET"]}}],"collection":[{"href":"https:\/\/www.semanariolocal.cl\/index.php?rest_route=\/wp\/v2\/posts"}],"about":[{"href":"https:\/\/www.semanariolocal.cl\/index.php?rest_route=\/wp\/v2\/types\/post"}],"author":[{"embeddable":true,"href":"https:\/\/www.semanariolocal.cl\/index.php?rest_route=\/wp\/v2\/users\/1"}],"replies":[{"embeddable":true,"href":"https:\/\/www.semanariolocal.cl\/index.php?rest_route=%2Fwp%2Fv2%2Fcomments&post=3750"}],"version-history":[{"count":3,"href":"https:\/\/www.semanariolocal.cl\/index.php?rest_route=\/wp\/v2\/posts\/3750\/revisions"}],"predecessor-version":[{"id":3756,"href":"https:\/\/www.semanariolocal.cl\/index.php?rest_route=\/wp\/v2\/posts\/3750\/revisions\/3756"}],"wp:featuredmedia":[{"embeddable":true,"href":"https:\/\/www.semanariolocal.cl\/index.php?rest_route=\/wp\/v2\/media\/3751"}],"wp:attachment":[{"href":"https:\/\/www.semanariolocal.cl\/index.php?rest_route=%2Fwp%2Fv2%2Fmedia&parent=3750"}],"wp:term":[{"taxonomy":"category","embeddable":true,"href":"https:\/\/www.semanariolocal.cl\/index.php?rest_route=%2Fwp%2Fv2%2Fcategories&post=3750"},{"taxonomy":"post_tag","embeddable":true,"href":"https:\/\/www.semanariolocal.cl\/index.php?rest_route=%2Fwp%2Fv2%2Ftags&post=3750"}],"curies":[{"name":"wp","href":"https:\/\/api.w.org\/{rel}","templated":true}]}}