{"id":3743,"date":"2021-12-29T21:39:02","date_gmt":"2021-12-30T00:39:02","guid":{"rendered":"https:\/\/www.semanariolocal.cl\/?p=3743"},"modified":"2021-12-29T21:39:02","modified_gmt":"2021-12-30T00:39:02","slug":"convencional-jurgensen-ingresa-propuestas-para-crear-defensor-del-pueblo-y-reconocer-el-maritorio","status":"publish","type":"post","link":"https:\/\/www.semanariolocal.cl\/?p=3743","title":{"rendered":"Convencional J\u00fcrgensen ingresa propuestas para crear  Defensor del Pueblo y reconocer el Maritorio"},"content":{"rendered":"\n<p style=\"font-size:17px\">La ma\u00f1ana del 29 de diciembre el convencional del distrito 25, Harry J\u00fcrgensen Caesar present\u00f3 tres propuestas de normas constitucionales para el establecimiento de la categor\u00eda jur\u00eddica de \u201cMaritorio\u201d en la Nueva Carta Magna del pa\u00eds; &nbsp;para la creaci\u00f3n de una nueva instituci\u00f3n denominada \u201cDefensor del Pueblo\u201d y para la implementaci\u00f3n del sistema \u201cControl de m\u00e9rito\u201d en el sistema p\u00fablico.<\/p>\n\n\n\n<p style=\"font-size:17px\">\u201cLas propuestas que he presentado junto al apoyo de otros 11 convencionales obedecen al mandato de la ciudadan\u00eda del distrito 25\u201d, coment\u00f3 el convencional del distrito 25, Harry J\u00fcrgensen.<\/p>\n\n\n\n<p style=\"font-size:17px\">La primera propuesta de articulado para el establecimiento del \u201cMaritorio\u201d como una categor\u00eda jur\u00eddica en el pa\u00eds nace del di\u00e1logo constante que el ex intendente y actual convencional ha tenido con la ciudadan\u00eda y trabajadores del mar en la Regi\u00f3n de Los Lagos, quienes por a\u00f1os han visto que este territorio carece que regulaci\u00f3n, aun cuando nuestro pa\u00eds tiene m\u00e1s territorio mar\u00edtimo que terrestre. &nbsp;<\/p>\n\n\n\n<p style=\"font-size:17px\">Es por ello, que J\u00fcrgensen Caesar propuso el siguiente art\u00edculo: \u201cEl Estado de Chile reconoce la existencia del maritorio como una categor\u00eda jur\u00eddica que, al igual que el territorio, debe contar con regulaci\u00f3n normativa espec\u00edfica, que reconozca sus caracter\u00edsticas propias en los \u00e1mbitos social, cultural, medioambiental y econ\u00f3mico\u201d.<\/p>\n\n\n\n<p style=\"font-size:17px\">La segunda iniciativa de norma constitucional se refiere al \u201cDefensor del Pueblo\u201d, en el sentido que exista una instituci\u00f3n que act\u00fae frente a una omisi\u00f3n o acci\u00f3n del Estado cuando se violen los derechos ciudadanos, como, por ejemplo, el derecho de vivir en un ambiente libre de contaminaci\u00f3n.<\/p>\n\n\n\n<p style=\"font-size:17px\">En este \u00e1mbito la propuesta de articulado instruye espec\u00edficamente que \u201cel Defensor del Pueblo se constituir\u00e1 en un \u00f3rgano colegiado aut\u00f3nomo e independiente, compuesto de cinco miembros, que actuar\u00e1 no sujeto jer\u00e1rquicamente a ninguna autoridad. Su finalidad es la defensa y protecci\u00f3n de los derechos, garant\u00edas e intereses, tutelados en esta Constituci\u00f3n y las leyes, ante hechos, actos u omisiones de la Administraci\u00f3n del Estado y el control y vigilancia del ejercicio de las funciones administrativas p\u00fablicas, debiendo comprender la actividad de las instituciones privadas que presten servicios p\u00fablicos\u201d.<\/p>\n\n\n\n<p style=\"font-size:17px\">Y la tercera propuesta de norma constitucional ingresada corresponde al \u201cControl de m\u00e9rito\u201d en el sentido de entregarle el mandato a Contralor\u00eda General de la Rep\u00fablica para que verifique el objetivo principal de cada una de las inversiones p\u00fablicas para mejorar la eficiencia y eficacia de la inversi\u00f3n p\u00fablica y los gastos p\u00fablicos, ya que se crear\u00e1 una instituci\u00f3n que revisar\u00e1 y verificar\u00e1 el cumplimiento de los objeticos, \u201cya que en mis funciones p\u00fablicas he visto que lamentablemente casi el 50% de los proyectos no cumplen los objetivos principales\u201d, acot\u00f3 el convencional.<\/p>\n\n\n\n<p style=\"font-size:17px\">En este sentido se propone crear un art\u00edculo que indica: \u201cCorresponder\u00e1 a la Contralor\u00eda General de la Rep\u00fablica implementar un sistema denominado Control de M\u00e9rito y Ejecuci\u00f3n Efectiva del Gasto y la Inversi\u00f3n de los Fondos del Fisco, de las municipalidades y de los dem\u00e1s organismos y servicios que determinen las leyes, debiendo examinar la efectiva consecuci\u00f3n de los objetivos predefinidos y perseguidos y su recta ejecuci\u00f3n\u201d.<\/p>\n\n\n\n<p style=\"font-size:17px\">Estas propuestas una vez ingresadas pasar\u00e1n a discusi\u00f3n en las pr\u00f3ximas sesiones de la Convenci\u00f3n Constitucional.<\/p>\n","protected":false},"excerpt":{"rendered":"<p>A estas iniciativas se suma el establecimiento del \u201cControl de m\u00e9rito\u201d. Estas tres propuestas forman parte de su plan de trabajo planteado durante su campa\u00f1a en la zona. Las propuestas fueron ingresadas esta ma\u00f1ana por el convencional del distrito 25 para su pr\u00f3xima discusi\u00f3n en el pleno. <\/p>\n","protected":false},"author":1,"featured_media":3744,"comment_status":"closed","ping_status":"closed","sticky":false,"template":"","format":"standard","meta":{"footnotes":""},"categories":[6],"tags":[],"class_list":["post-3743","post","type-post","status-publish","format-standard","has-post-thumbnail","hentry","category-politica"],"_links":{"self":[{"href":"https:\/\/www.semanariolocal.cl\/index.php?rest_route=\/wp\/v2\/posts\/3743","targetHints":{"allow":["GET"]}}],"collection":[{"href":"https:\/\/www.semanariolocal.cl\/index.php?rest_route=\/wp\/v2\/posts"}],"about":[{"href":"https:\/\/www.semanariolocal.cl\/index.php?rest_route=\/wp\/v2\/types\/post"}],"author":[{"embeddable":true,"href":"https:\/\/www.semanariolocal.cl\/index.php?rest_route=\/wp\/v2\/users\/1"}],"replies":[{"embeddable":true,"href":"https:\/\/www.semanariolocal.cl\/index.php?rest_route=%2Fwp%2Fv2%2Fcomments&post=3743"}],"version-history":[{"count":1,"href":"https:\/\/www.semanariolocal.cl\/index.php?rest_route=\/wp\/v2\/posts\/3743\/revisions"}],"predecessor-version":[{"id":3745,"href":"https:\/\/www.semanariolocal.cl\/index.php?rest_route=\/wp\/v2\/posts\/3743\/revisions\/3745"}],"wp:featuredmedia":[{"embeddable":true,"href":"https:\/\/www.semanariolocal.cl\/index.php?rest_route=\/wp\/v2\/media\/3744"}],"wp:attachment":[{"href":"https:\/\/www.semanariolocal.cl\/index.php?rest_route=%2Fwp%2Fv2%2Fmedia&parent=3743"}],"wp:term":[{"taxonomy":"category","embeddable":true,"href":"https:\/\/www.semanariolocal.cl\/index.php?rest_route=%2Fwp%2Fv2%2Fcategories&post=3743"},{"taxonomy":"post_tag","embeddable":true,"href":"https:\/\/www.semanariolocal.cl\/index.php?rest_route=%2Fwp%2Fv2%2Ftags&post=3743"}],"curies":[{"name":"wp","href":"https:\/\/api.w.org\/{rel}","templated":true}]}}