{"id":3740,"date":"2021-12-29T21:32:58","date_gmt":"2021-12-30T00:32:58","guid":{"rendered":"https:\/\/www.semanariolocal.cl\/?p=3740"},"modified":"2021-12-29T21:32:59","modified_gmt":"2021-12-30T00:32:59","slug":"deportista-tomasina-gana-campeonato-de-jiu-jitsu","status":"publish","type":"post","link":"https:\/\/www.semanariolocal.cl\/?p=3740","title":{"rendered":"Deportista Tomasina gana campeonato de Jiu \u2013 jitsu"},"content":{"rendered":"\n<p style=\"font-size:17px\">En la ocasi\u00f3n, Yennifer Donoso, estudiante de la carrera de Preparador F\u00edsico del CFT Santo Tom\u00e1s fue campeona absoluto en Gi y No Gi, obteniendo 2 medallas de oro.<\/p>\n\n\n\n<p style=\"font-size:17px\">Donoso, lleva m\u00e1s de 7 a\u00f1os en la disciplina y en su trayectoria destacan 54 medallas a nivel nacional. Hoy quiere ir por m\u00e1s y se pone nuevos desaf\u00edos, \u201cquiero competir en el exterior porque en Chile no hay muchas competencias, principalmente en mi categor\u00eda, soy cintur\u00f3n morado. Esto significa grandes desaf\u00edos para m\u00ed, tanto f\u00edsica como econ\u00f3micamente, por esta raz\u00f3n estoy organizando varios beneficios que me ayuden a costear los viajes\u201d, sostuvo.<\/p>\n\n\n\n<p style=\"font-size:17px\">Sus pr\u00f3ximos proyectos se basan en 3 competencias, siendo la m\u00e1s pr\u00f3xima el 30 de enero en Austin de la IBJJF (International Brazilian Jiu Jitsu Federation), luego, el 5 de febrero en Las Vegas torneo NAGA (Grappling y kimono) y finaliza el 12 febrero en Sao Paulo escribo ADCC (torneo m\u00e1s importante de Grappling en el mundo) y todo acompa\u00f1ado de mucho entrenamiento y aprendizaje.<\/p>\n\n\n\n<p style=\"font-size:17px\">Yennifer Donoso, hoy se prepara para su gran viaje por Estados Unidos y Brasil por esta raz\u00f3n organiza diferentes eventos y beneficios para financiar sus viajes, todo lo puedes ver en su Instagram @yenbjj<\/p>\n\n\n\n<p style=\"font-size:17px\"><strong>Disciplina<\/strong><\/p>\n\n\n\n<p style=\"font-size:17px\">El jiu-jitsu brasile\u00f1o (o BJJ) es un arte marcial, deporte de combate y sistema de defensa personal desarrollado en Brasil. Se centra en la lucha cuerpo a cuerpo en el suelo, usando para ello luxaciones, estrangulaciones, inmovilizaciones y derribos.<\/p>\n","protected":false},"excerpt":{"rendered":"<p>En la ciudad de Vi\u00f1a del Mar se realiz\u00f3 el Open Vi\u00f1a, nacional de Jiu-jitsu. Campeonato que reuni\u00f3 a m\u00e1s de 300 deportista de esta disciplina.<\/p>\n","protected":false},"author":1,"featured_media":3741,"comment_status":"closed","ping_status":"closed","sticky":false,"template":"","format":"standard","meta":{"footnotes":""},"categories":[11],"tags":[],"class_list":["post-3740","post","type-post","status-publish","format-standard","has-post-thumbnail","hentry","category-educacion"],"_links":{"self":[{"href":"https:\/\/www.semanariolocal.cl\/index.php?rest_route=\/wp\/v2\/posts\/3740","targetHints":{"allow":["GET"]}}],"collection":[{"href":"https:\/\/www.semanariolocal.cl\/index.php?rest_route=\/wp\/v2\/posts"}],"about":[{"href":"https:\/\/www.semanariolocal.cl\/index.php?rest_route=\/wp\/v2\/types\/post"}],"author":[{"embeddable":true,"href":"https:\/\/www.semanariolocal.cl\/index.php?rest_route=\/wp\/v2\/users\/1"}],"replies":[{"embeddable":true,"href":"https:\/\/www.semanariolocal.cl\/index.php?rest_route=%2Fwp%2Fv2%2Fcomments&post=3740"}],"version-history":[{"count":1,"href":"https:\/\/www.semanariolocal.cl\/index.php?rest_route=\/wp\/v2\/posts\/3740\/revisions"}],"predecessor-version":[{"id":3742,"href":"https:\/\/www.semanariolocal.cl\/index.php?rest_route=\/wp\/v2\/posts\/3740\/revisions\/3742"}],"wp:featuredmedia":[{"embeddable":true,"href":"https:\/\/www.semanariolocal.cl\/index.php?rest_route=\/wp\/v2\/media\/3741"}],"wp:attachment":[{"href":"https:\/\/www.semanariolocal.cl\/index.php?rest_route=%2Fwp%2Fv2%2Fmedia&parent=3740"}],"wp:term":[{"taxonomy":"category","embeddable":true,"href":"https:\/\/www.semanariolocal.cl\/index.php?rest_route=%2Fwp%2Fv2%2Fcategories&post=3740"},{"taxonomy":"post_tag","embeddable":true,"href":"https:\/\/www.semanariolocal.cl\/index.php?rest_route=%2Fwp%2Fv2%2Ftags&post=3740"}],"curies":[{"name":"wp","href":"https:\/\/api.w.org\/{rel}","templated":true}]}}