{"id":3737,"date":"2021-12-29T21:23:55","date_gmt":"2021-12-30T00:23:55","guid":{"rendered":"https:\/\/www.semanariolocal.cl\/?p=3737"},"modified":"2021-12-29T21:23:55","modified_gmt":"2021-12-30T00:23:55","slug":"diputado-castro-ps-no-respaldamos-el-modo-de-financiar-pension-garantizada-universal","status":"publish","type":"post","link":"https:\/\/www.semanariolocal.cl\/?p=3737","title":{"rendered":"Diputado Castro (PS): \u201cNo respaldamos el modo de financiar  pensi\u00f3n garantizada universal \u201d"},"content":{"rendered":"\n<p style=\"font-size:17px\">\u201c<a>Nosotros,&nbsp;<\/a><a>los socialistas, no estamos dispuestos a respaldar el modo de financiamiento por separado -propuesto por el Gobierno- para&nbsp;<\/a><a>la pensi\u00f3n garantizada universal, porque echa mano a otros recursos en vez de tener los propios, permanentes y exclusivos\u201d,&nbsp;<\/a>sentenci\u00f3 este mi\u00e9rcoles el diputado en ejercicio y senador electo por la regi\u00f3n de O&#8217;Higgins, Dr. Juan Luis Castro.<\/p>\n\n\n\n<p style=\"font-size:17px\">Castro, subray\u00f3 que si bien \u201cla pensi\u00f3n garantizada universal es una buena idea, est\u00e1 muy mal financiada\u201d, agregando que \u201csi vamos a gastar tres mil millones de d\u00f3lares al a\u00f1o para poder financiarla, no puede ser que el Gobierno no coloque el financiamiento en la misma ley, y busque ir por otras leyes\u201d.<\/p>\n\n\n\n<p style=\"font-size:17px\">A regl\u00f3n seguido, el legislador anunci\u00f3 que por esta raz\u00f3n el d\u00eda lunes, cuando se vote el proyecto, \u201clo haremos favorablemente para que haya beneficio\u201d. Sin embargo,&nbsp;<a>no comprometi\u00f3 el mismo resultado al momento de votar \u201cuna ley distinta para financiar a la primera\u201d,&nbsp;<\/a>toda vez que \u201cest\u00e1 mal dise\u00f1ada\u201d.<\/p>\n\n\n\n<p style=\"font-size:17px\">El diputado, continu\u00f3 diciendo que \u201cpor eso Giorgio Jackson ha dicho, con justa raz\u00f3n, que el nuevo Gobierno no puede aceptar una herencia que es una mochila en la espalda, y que viene desfinanciada. Esa es la raz\u00f3n de fondo\u201d, afirm\u00f3.<\/p>\n\n\n\n<p style=\"font-size:17px\"><a>\u201cLe pedimos al Gobierno que financie la pensi\u00f3n garantizada universal con reforma tributaria, y no con otras leyes que nada tienen que ver con un paso tan importante como este\u201d, dijo para concluir el diputado Juan Luis Castro.<\/a><\/p>\n","protected":false},"excerpt":{"rendered":"<p>El parlamentario anticip\u00f3 que el lunes, cuando se vote la iniciativa, lo har\u00e1 favorablemente para que haya beneficio\u201d, pero no comprometi\u00f3 el mismo resultado al momento de votar \u201cuna ley distinta para financiar la primera\u201d. Por otra parte, llam\u00f3 al Gobierno para que financie la iniciativa mediante reforma tributaria.<\/p>\n","protected":false},"author":1,"featured_media":3738,"comment_status":"closed","ping_status":"closed","sticky":false,"template":"","format":"standard","meta":{"footnotes":""},"categories":[6],"tags":[],"class_list":["post-3737","post","type-post","status-publish","format-standard","has-post-thumbnail","hentry","category-politica"],"_links":{"self":[{"href":"https:\/\/www.semanariolocal.cl\/index.php?rest_route=\/wp\/v2\/posts\/3737","targetHints":{"allow":["GET"]}}],"collection":[{"href":"https:\/\/www.semanariolocal.cl\/index.php?rest_route=\/wp\/v2\/posts"}],"about":[{"href":"https:\/\/www.semanariolocal.cl\/index.php?rest_route=\/wp\/v2\/types\/post"}],"author":[{"embeddable":true,"href":"https:\/\/www.semanariolocal.cl\/index.php?rest_route=\/wp\/v2\/users\/1"}],"replies":[{"embeddable":true,"href":"https:\/\/www.semanariolocal.cl\/index.php?rest_route=%2Fwp%2Fv2%2Fcomments&post=3737"}],"version-history":[{"count":1,"href":"https:\/\/www.semanariolocal.cl\/index.php?rest_route=\/wp\/v2\/posts\/3737\/revisions"}],"predecessor-version":[{"id":3739,"href":"https:\/\/www.semanariolocal.cl\/index.php?rest_route=\/wp\/v2\/posts\/3737\/revisions\/3739"}],"wp:featuredmedia":[{"embeddable":true,"href":"https:\/\/www.semanariolocal.cl\/index.php?rest_route=\/wp\/v2\/media\/3738"}],"wp:attachment":[{"href":"https:\/\/www.semanariolocal.cl\/index.php?rest_route=%2Fwp%2Fv2%2Fmedia&parent=3737"}],"wp:term":[{"taxonomy":"category","embeddable":true,"href":"https:\/\/www.semanariolocal.cl\/index.php?rest_route=%2Fwp%2Fv2%2Fcategories&post=3737"},{"taxonomy":"post_tag","embeddable":true,"href":"https:\/\/www.semanariolocal.cl\/index.php?rest_route=%2Fwp%2Fv2%2Ftags&post=3737"}],"curies":[{"name":"wp","href":"https:\/\/api.w.org\/{rel}","templated":true}]}}