{"id":37338,"date":"2026-09-04T09:31:18","date_gmt":"2026-09-04T13:31:18","guid":{"rendered":"https:\/\/www.semanariolocal.cl\/?p=37338"},"modified":"2026-09-04T09:31:19","modified_gmt":"2026-09-04T13:31:19","slug":"alerta-por-aumento-de-intoxicaciones-con-vapeadores","status":"publish","type":"post","link":"https:\/\/www.semanariolocal.cl\/?p=37338","title":{"rendered":"Alerta por aumento de intoxicaciones con vapeadores"},"content":{"rendered":"\n<p class=\"wp-block-paragraph\"><strong><mark style=\"background-color:#abb8c3\" class=\"has-inline-color has-white-color\">04 de Septiembre del 2026.-<\/mark><\/strong> El aumento de un 400% en las consultas por exposici\u00f3n a vapeadores durante los \u00faltimos cinco meses encendi\u00f3 una nueva alerta sanitaria en Chile. Seg\u00fan antecedentes difundidos por el Ministerio de Salud y el Centro de Informaci\u00f3n Toxicol\u00f3gica y de Medicamentos de la Pontificia Universidad Cat\u00f3lica de Chile (CITUC),\u00a0<strong>el 84% de las consultas asociadas a estos dispositivos corresponde a menores de cinco a\u00f1os.<\/strong><\/p>\n\n\n\n<p class=\"wp-block-paragraph\">La mayor\u00eda de los episodios ocurre en el hogar, cuando lactantes y preescolares encuentran vapeadores, cartuchos o envases de recarga y los manipulan, muerden o ingieren sin supervisi\u00f3n.<\/p>\n\n\n\n<p class=\"wp-block-paragraph\">Para Fernando Torres, toxic\u00f3logo y director de la Escuela de Qu\u00edmica y Farmacia de la Universidad Andr\u00e9s Bello, el incremento de estos casos puede relacionarse con la mayor presencia de estos productos en los hogares, la expansi\u00f3n de los dispositivos desechables y sus caracter\u00edsticas f\u00edsicas.<\/p>\n\n\n\n<p class=\"wp-block-paragraph\">\u201c<strong>Los dise\u00f1os peque\u00f1os y coloridos, los aromas dulces y frutales y la percepci\u00f3n equivocada de que se trata de productos inocuos pueden favorecer que los ni\u00f1os tengan contacto con ellos<\/strong>\u201d, explica.<\/p>\n\n\n\n<p class=\"wp-block-paragraph\">A esto se suma que algunos dispositivos poseen dep\u00f3sitos accesibles y que los l\u00edquidos pueden quedar almacenados en bolsos, cajones, veladores u otras superficies al alcance de los menores.<\/p>\n\n\n\n<p class=\"wp-block-paragraph\"><strong>Un peligro incluso en peque\u00f1as cantidades<\/strong><\/p>\n\n\n\n<p class=\"wp-block-paragraph\">Torres advierte que el riesgo es especialmente importante en lactantes y ni\u00f1os peque\u00f1os debido a su bajo peso corporal. La nicotina puede absorberse r\u00e1pidamente despu\u00e9s de una ingesti\u00f3n y tambi\u00e9n mediante el contacto con mucosas, ojos o piel.<\/p>\n\n\n\n<p class=\"wp-block-paragraph\">\u00abUna&nbsp;<strong>intoxicaci\u00f3n aguda<\/strong>&nbsp;puede provocar n\u00e1useas, v\u00f3mitos, dolor abdominal, salivaci\u00f3n, palidez, sudoraci\u00f3n, mareos, agitaci\u00f3n y aumento de la frecuencia card\u00edaca. En exposiciones de mayor magnitud pueden presentarse&nbsp;<strong>debilidad, alteraciones neurol\u00f3gicas, convulsiones, disminuci\u00f3n de conciencia, trastornos del ritmo card\u00edaco, dificultad respiratoria y coma.<\/strong>&nbsp;En casos excepcionales, una intoxicaci\u00f3n grave puede ser mortal\u00bb, explica.<\/p>\n\n\n\n<p class=\"wp-block-paragraph\">El toxic\u00f3logo precisa que los l\u00edquidos de vapeo suelen contener&nbsp;<strong>propilenglicol y glicerina vegetal como solventes, adem\u00e1s de nicotina, saborizantes y otros aditivos.<\/strong>&nbsp;Al calentarse pueden generarse compuestos irritantes y t\u00f3xicos, entre ellos aldeh\u00eddos y part\u00edculas met\u00e1licas provenientes del dispositivo.<\/p>\n\n\n\n<p class=\"wp-block-paragraph\">El especialista advierte adem\u00e1s que los productos informales o adulterados representan una dificultad adicional, ya que pueden contener concentraciones de nicotina diferentes a las declaradas, cannabinoides u otras sustancias no identificadas, haciendo m\u00e1s dif\u00edcil anticipar la gravedad de una exposici\u00f3n.<\/p>\n\n\n\n<p class=\"wp-block-paragraph\"><strong>C\u00f3mo prevenir accidentes en el hogar<\/strong><\/p>\n\n\n\n<p class=\"wp-block-paragraph\">Torres recomienda que las familias consideren tanto los vapeadores como sus l\u00edquidos como productos potencialmente t\u00f3xicos. Estos deben mantenerse en sus envases originales, cerrados y bajo llave, en lugares altos y fuera de la vista y alcance de ni\u00f1os y mascotas.<\/p>\n\n\n\n<p class=\"wp-block-paragraph\">Tambi\u00e9n aconseja no dejarlos en carteras, mochilas, bolsillos de chaquetas, veh\u00edculos o veladores. Ante una fuga, el derrame debe limpiarse inmediatamente con agua y jab\u00f3n y es importante lavarse las manos despu\u00e9s de manipular l\u00edquidos.<\/p>\n\n\n\n<p class=\"wp-block-paragraph\">La prevenci\u00f3n tambi\u00e9n debe considerar a las visitas, solicit\u00e1ndoles que mantengan sus dispositivos fuera del alcance de los menores.<\/p>\n\n\n\n<p class=\"wp-block-paragraph\">Asimismo, se recomienda no vapear frente a ni\u00f1os ni hacerlo en espacios cerrados compartidos, ya que el aerosol de segunda mano puede contener nicotina, part\u00edculas ultrafinas y otras sustancias irritantes.<\/p>\n\n\n\n<p class=\"wp-block-paragraph\"><strong>Qu\u00e9 hacer ante una posible intoxicaci\u00f3n<\/strong><\/p>\n\n\n\n<p class=\"wp-block-paragraph\">Ante una<strong>&nbsp;posible ingesti\u00f3n, contacto ocular, derrame sobre la piel o aparici\u00f3n de&nbsp;s\u00edntomas,&nbsp;<\/strong>Torres&nbsp;enfatiza en que&nbsp;<strong>no se debe inducir el v\u00f3mito ni administrar remedios caseros.<\/strong><\/p>\n\n\n\n<p class=\"wp-block-paragraph\">\u00abLa recomendaci\u00f3n es retirar el producto, lavar la zona expuesta cuando corresponda y acudir a un servicio de urgencia. Siempre que sea posible, es \u00fatil llevar o identificar el producto involucrado para facilitar la evaluaci\u00f3n del personal de salud\u00bb, agrega.<\/p>\n\n\n\n<p class=\"wp-block-paragraph\">Chile cuenta actualmente con un marco regulatorio m\u00e1s amplio que en a\u00f1os anteriores. La Ley N.\u00ba 21.642 incorpor\u00f3 los sistemas electr\u00f3nicos con y sin nicotina y sus l\u00edquidos a la legislaci\u00f3n del tabaco, prohibi\u00f3 su venta a menores de 18 a\u00f1os y estableci\u00f3 restricciones de publicidad y uso.<\/p>\n\n\n\n<p class=\"wp-block-paragraph\">La normativa tambi\u00e9n contempla advertencias sanitarias, informaci\u00f3n en espa\u00f1ol, envases resistentes a la manipulaci\u00f3n de menores y una concentraci\u00f3n m\u00e1xima de 45 mg\/mL&nbsp;de nicotina en los l\u00edquidos.<\/p>\n\n\n\n<p class=\"wp-block-paragraph\">Sin embargo, para Torres, la existencia de una regulaci\u00f3n no elimina por s\u00ed sola el riesgo.&nbsp;El aumento de las intoxicaciones evidencia la necesidad de reforzar la fiscalizaci\u00f3n de la venta presencial y por internet, controlar el comercio informal y la importaci\u00f3n de productos sin trazabilidad, y verificar el cumplimiento de las exigencias de seguridad.<\/p>\n","protected":false},"excerpt":{"rendered":"<p>Las consultas por exposici\u00f3n a vapeadores aumentaron 400% en cinco meses. Expertos advierten sobre el riesgo de intoxicaciones en ni\u00f1os peque\u00f1os y llaman a reforzar la prevenci\u00f3n.<\/p>\n","protected":false},"author":1,"featured_media":37339,"comment_status":"closed","ping_status":"closed","sticky":false,"template":"","format":"standard","meta":{"footnotes":""},"categories":[3,5160,11,2484,4395],"tags":[],"class_list":["post-37338","post","type-post","status-publish","format-standard","has-post-thumbnail","hentry","category-al-dia","category-alerta-sanitaria","category-educacion","category-salud","category-sociedad"],"_links":{"self":[{"href":"https:\/\/www.semanariolocal.cl\/index.php?rest_route=\/wp\/v2\/posts\/37338","targetHints":{"allow":["GET"]}}],"collection":[{"href":"https:\/\/www.semanariolocal.cl\/index.php?rest_route=\/wp\/v2\/posts"}],"about":[{"href":"https:\/\/www.semanariolocal.cl\/index.php?rest_route=\/wp\/v2\/types\/post"}],"author":[{"embeddable":true,"href":"https:\/\/www.semanariolocal.cl\/index.php?rest_route=\/wp\/v2\/users\/1"}],"replies":[{"embeddable":true,"href":"https:\/\/www.semanariolocal.cl\/index.php?rest_route=%2Fwp%2Fv2%2Fcomments&post=37338"}],"version-history":[{"count":1,"href":"https:\/\/www.semanariolocal.cl\/index.php?rest_route=\/wp\/v2\/posts\/37338\/revisions"}],"predecessor-version":[{"id":37340,"href":"https:\/\/www.semanariolocal.cl\/index.php?rest_route=\/wp\/v2\/posts\/37338\/revisions\/37340"}],"wp:featuredmedia":[{"embeddable":true,"href":"https:\/\/www.semanariolocal.cl\/index.php?rest_route=\/wp\/v2\/media\/37339"}],"wp:attachment":[{"href":"https:\/\/www.semanariolocal.cl\/index.php?rest_route=%2Fwp%2Fv2%2Fmedia&parent=37338"}],"wp:term":[{"taxonomy":"category","embeddable":true,"href":"https:\/\/www.semanariolocal.cl\/index.php?rest_route=%2Fwp%2Fv2%2Fcategories&post=37338"},{"taxonomy":"post_tag","embeddable":true,"href":"https:\/\/www.semanariolocal.cl\/index.php?rest_route=%2Fwp%2Fv2%2Ftags&post=37338"}],"curies":[{"name":"wp","href":"https:\/\/api.w.org\/{rel}","templated":true}]}}