{"id":37335,"date":"2026-09-04T09:26:36","date_gmt":"2026-09-04T13:26:36","guid":{"rendered":"https:\/\/www.semanariolocal.cl\/?p=37335"},"modified":"2026-09-04T09:26:37","modified_gmt":"2026-09-04T13:26:37","slug":"cambio-de-hora-como-preparar-el-organismo-para-adaptarse-al-nuevo-horario","status":"publish","type":"post","link":"https:\/\/www.semanariolocal.cl\/?p=37335","title":{"rendered":"Cambio de hora: c\u00f3mo preparar el organismo para adaptarse al nuevo horario"},"content":{"rendered":"\n<p class=\"wp-block-paragraph\"><strong><mark style=\"background-color:#abb8c3\" class=\"has-inline-color has-white-color\">04 de Septiembre del 2026.-<\/mark><\/strong> Una hora puede parecer una diferencia menor, pero para nuestro organismo puede significar varios d\u00edas de adaptaci\u00f3n. Con la llegada de un nuevo cambio de hora en Chile, modificar de manera repentina las rutinas de sue\u00f1o y vigilia puede provocar cansancio, somnolencia, dificultades para dormir e incluso cambios transitorios en la concentraci\u00f3n y el estado de \u00e1nimo.<\/p>\n\n\n\n<p class=\"wp-block-paragraph\">El docente adjunto y coordinador acad\u00e9mico de la carrera de&nbsp;<a href=\"https:\/\/www.uoh.cl\/escuela-de-salud\/carreras\/enfermeria\/\" target=\"_blank\" rel=\"noopener\">Enfermer\u00eda<\/a>&nbsp;de la&nbsp;<a href=\"http:\/\/www.uoh.cl\/\" target=\"_blank\" rel=\"noopener\">Universidad de O\u2019Higgins<\/a>&nbsp;(UOH), Jon\u00e1s Hormaz\u00e1bal, explica que esto ocurre porque el organismo posee un \u201creloj biol\u00f3gico\u201d encargado de regular procesos como el sue\u00f1o, la vigilia, la temperatura corporal, la secreci\u00f3n de melatonina y los niveles de alerta a lo largo del d\u00eda.<\/p>\n\n\n\n<p class=\"wp-block-paragraph\">Este funcionamiento se encuentra estrechamente relacionado con los ciclos de luz y oscuridad. Por ello, aunque el reloj avance solo 60 minutos, el cuerpo no necesariamente se ajusta de manera inmediata al nuevo horario. \u201cUn cambio brusco en los horarios puede generar, durante algunos d\u00edas, un desajuste entre nuestro horario social y nuestro ritmo en el diario vivir\u201d, explica Hormaz\u00e1bal.<\/p>\n\n\n\n<p class=\"wp-block-paragraph\">La respuesta, adem\u00e1s, no es igual para todas las personas. Mientras algunas se adaptan r\u00e1pidamente, otras pueden experimentar mayor cansancio, somnolencia o dificultades para conciliar el sue\u00f1o. Seg\u00fan el docente UOH, quienes habitualmente funcionan o trabajan en horarios m\u00e1s tard\u00edos tambi\u00e9n pueden enfrentar mayores dificultades durante este proceso.<\/p>\n\n\n\n<p class=\"wp-block-paragraph\">Entre las consecuencias m\u00e1s frecuentes se encuentra una alteraci\u00f3n temporal del patr\u00f3n de sue\u00f1o. Esto puede manifestarse en problemas para quedarse dormido, despertares durante la noche, levantarse antes de lo habitual o tener la sensaci\u00f3n de que el descanso no fue suficientemente reparador.<\/p>\n\n\n\n<p class=\"wp-block-paragraph\">Cuando el cambio implica adelantar el reloj, existe adem\u00e1s la posibilidad de reducir el tiempo disponible para dormir si se mantiene la misma rutina. \u201cEsto puede traducirse en mayor somnolencia durante el d\u00eda, cansancio, menor sensaci\u00f3n de descanso y dificultades para mantener la atenci\u00f3n, pero por lo general suelen ser transitorios y no debiese superar una semana\u201d, se\u00f1ala.<\/p>\n\n\n\n<p class=\"wp-block-paragraph\"><strong>Sue\u00f1o, emociones y salud mental<\/strong><\/p>\n\n\n\n<p class=\"wp-block-paragraph\">Los efectos pueden extenderse m\u00e1s all\u00e1 del cansancio. Un descanso insuficiente o de menor calidad puede repercutir en la capacidad para concentrarse, responder frente a determinadas tareas y regular las emociones durante el d\u00eda.<\/p>\n\n\n\n<p class=\"wp-block-paragraph\">\u201cCuando dormimos menos o nuestro descanso es de menor calidad, podemos sentirnos m\u00e1s irritables, menos motivados o con menor capacidad para regular nuestras emociones\u201d, sostiene Hormaz\u00e1bal.<\/p>\n\n\n\n<p class=\"wp-block-paragraph\">El profesional recalca que esto no significa que el cambio de hora, por s\u00ed solo, provoque un trastorno de salud mental. Sin embargo, recuerda que existe una estrecha relaci\u00f3n entre descanso, regulaci\u00f3n emocional y bienestar psicol\u00f3gico. \u201cCuidar el sue\u00f1o tambi\u00e9n es cuidar nuestra salud mental\u201d, enfatiza.<\/p>\n\n\n\n<p class=\"wp-block-paragraph\">Ni\u00f1os, adolescentes y personas mayores pueden requerir especial atenci\u00f3n durante este periodo. En la infancia, mantener rutinas adecuadas de sue\u00f1o contribuye al desarrollo, aprendizaje y regulaci\u00f3n emocional. En la adolescencia, en tanto, existe una tendencia a dormir y despertar m\u00e1s tarde, situaci\u00f3n que puede entrar en conflicto con jornadas escolares o laborales que comienzan temprano.<\/p>\n\n\n\n<p class=\"wp-block-paragraph\">En las personas mayores tambi\u00e9n es importante observar posibles cambios, particularmente cuando existen rutinas de sue\u00f1o consolidadas o condiciones que afectan el descanso. Sin embargo, Hormaz\u00e1bal precisa que no existe una respuesta \u00fanica y que \u201cla capacidad de adaptaci\u00f3n es individual y propia de cada persona\u201d.<\/p>\n\n\n\n<p class=\"wp-block-paragraph\">Desde la Enfermer\u00eda, agrega, es importante abordar el descanso desde una perspectiva integral. \u201cNo basta con preguntar cu\u00e1nto duerme; tambi\u00e9n debemos interesarnos por c\u00f3mo est\u00e1 durmiendo, c\u00f3mo se siente durante el d\u00eda y si el descanso est\u00e1 alterando su funcionamiento, relaciones interpersonales y su bienestar en general\u201d.<\/p>\n\n\n\n<p class=\"wp-block-paragraph\"><strong>Anticiparse al cambio<\/strong><\/p>\n\n\n\n<p class=\"wp-block-paragraph\">Para facilitar la adaptaci\u00f3n, una de las principales recomendaciones es comenzar antes de que llegue el cambio de hora. Dos o tres d\u00edas pueden ser suficientes para modificar progresivamente las rutinas, adelantando poco a poco la hora de acostarse y levantarse.<\/p>\n\n\n\n<p class=\"wp-block-paragraph\">Tambi\u00e9n resulta conveniente mantener horarios relativamente regulares, favorecer la exposici\u00f3n a luz natural durante la ma\u00f1ana y disminuir la exposici\u00f3n a iluminaci\u00f3n intensa y pantallas, especialmente celulares, antes de dormir.<\/p>\n\n\n\n<p class=\"wp-block-paragraph\">A ello se suman medidas habituales de higiene del sue\u00f1o, como disponer de un ambiente apropiado para descansar, evitar comidas muy pesadas o productos estimulantes cerca de la hora de acostarse y procurar que durante el fin de semana los horarios no cambien dr\u00e1sticamente.<\/p>\n\n\n\n<p class=\"wp-block-paragraph\">Para Hormaz\u00e1bal, el pr\u00f3ximo cambio de hora tambi\u00e9n puede convertirse en una oportunidad para prestar mayor atenci\u00f3n a un aspecto que suele quedar relegado frente a las obligaciones cotidianas.<\/p>\n\n\n\n<p class=\"wp-block-paragraph\">\u201cDormir bien no es tiempo perdido, sino una necesidad biol\u00f3gica y una inversi\u00f3n en nuestra salud, incluyendo lo emocional. El descanso adecuado contribuye a nuestra capacidad de concentraci\u00f3n, desempe\u00f1o en el diario vivir y bienestar general\u201d, finaliza.<\/p>\n","protected":false},"excerpt":{"rendered":"<p> Anticipar gradualmente los horarios de sue\u00f1o, mantener rutinas y aprovechar la luz natural son algunas de las recomendaciones para enfrentar de mejor manera el pr\u00f3ximo cambio de hora.<\/p>\n","protected":false},"author":1,"featured_media":37336,"comment_status":"closed","ping_status":"closed","sticky":false,"template":"","format":"standard","meta":{"footnotes":""},"categories":[3,4161,2496,3842,4395,4837],"tags":[],"class_list":["post-37335","post","type-post","status-publish","format-standard","has-post-thumbnail","hentry","category-al-dia","category-familia","category-nacional","category-politicas-publicas","category-sociedad","category-tema-pais"],"_links":{"self":[{"href":"https:\/\/www.semanariolocal.cl\/index.php?rest_route=\/wp\/v2\/posts\/37335","targetHints":{"allow":["GET"]}}],"collection":[{"href":"https:\/\/www.semanariolocal.cl\/index.php?rest_route=\/wp\/v2\/posts"}],"about":[{"href":"https:\/\/www.semanariolocal.cl\/index.php?rest_route=\/wp\/v2\/types\/post"}],"author":[{"embeddable":true,"href":"https:\/\/www.semanariolocal.cl\/index.php?rest_route=\/wp\/v2\/users\/1"}],"replies":[{"embeddable":true,"href":"https:\/\/www.semanariolocal.cl\/index.php?rest_route=%2Fwp%2Fv2%2Fcomments&post=37335"}],"version-history":[{"count":1,"href":"https:\/\/www.semanariolocal.cl\/index.php?rest_route=\/wp\/v2\/posts\/37335\/revisions"}],"predecessor-version":[{"id":37337,"href":"https:\/\/www.semanariolocal.cl\/index.php?rest_route=\/wp\/v2\/posts\/37335\/revisions\/37337"}],"wp:featuredmedia":[{"embeddable":true,"href":"https:\/\/www.semanariolocal.cl\/index.php?rest_route=\/wp\/v2\/media\/37336"}],"wp:attachment":[{"href":"https:\/\/www.semanariolocal.cl\/index.php?rest_route=%2Fwp%2Fv2%2Fmedia&parent=37335"}],"wp:term":[{"taxonomy":"category","embeddable":true,"href":"https:\/\/www.semanariolocal.cl\/index.php?rest_route=%2Fwp%2Fv2%2Fcategories&post=37335"},{"taxonomy":"post_tag","embeddable":true,"href":"https:\/\/www.semanariolocal.cl\/index.php?rest_route=%2Fwp%2Fv2%2Ftags&post=37335"}],"curies":[{"name":"wp","href":"https:\/\/api.w.org\/{rel}","templated":true}]}}