{"id":37332,"date":"2026-09-03T09:06:38","date_gmt":"2026-09-03T13:06:38","guid":{"rendered":"https:\/\/www.semanariolocal.cl\/?p=37332"},"modified":"2026-09-04T09:15:50","modified_gmt":"2026-09-04T13:15:50","slug":"45-horas-semanales-en-redes-sociales","status":"publish","type":"post","link":"https:\/\/www.semanariolocal.cl\/?p=37332","title":{"rendered":"45 horas semanales en redes sociales"},"content":{"rendered":"\n<p class=\"wp-block-paragraph\"><strong><mark style=\"background-color:#abb8c3\" class=\"has-inline-color has-white-color\">03 de Septiembre del 2026.-<\/mark><\/strong> El estudio \u201cGrowing up in the social media age\u201d, elaborado con datos de PISA 2022, muestra que el uso de estas plataformas es elevado en toda la OCDE, cuyo promedio alcanza casi 35 horas semanales. Es un fen\u00f3meno extendido, pero superar las 45 horas obliga a preguntarse qu\u00e9 ocurre en Chile y qu\u00e9 actividades est\u00e1n perdiendo espacio.<\/p>\n\n\n\n<p class=\"wp-block-paragraph\">El fen\u00f3meno tampoco afecta a todos por igual. En el promedio de los pa\u00edses estudiados, las ni\u00f1as pasan 37,2 horas semanales en redes sociales, frente a las 31,8 horas de los ni\u00f1os. Las diferencias tambi\u00e9n son socioecon\u00f3micas. Las ni\u00f1as del cuartil m\u00e1s bajo pasan ocho horas m\u00e1s y los ni\u00f1os cinco horas m\u00e1s que sus pares del cuartil m\u00e1s alto.<\/p>\n\n\n\n<p class=\"wp-block-paragraph\">Estas brechas muestran que el problema, si bien depende en parte del acceso que se le da al tel\u00e9fono, tambi\u00e9n influyen las oportunidades fuera del tel\u00e9fono, la seguridad de los barrios, el acceso a \u00e1reas verdes y la posibilidad de encontrarse con otros.<\/p>\n\n\n\n<p class=\"wp-block-paragraph\">El informe advierte que el uso intensivo de redes puede vincularse con la b\u00fasqueda de escape frente a experiencias dif\u00edciles y con sentimientos de soledad. No sabemos qu\u00e9 ocurre primero, si quienes se sienten aislados recurren m\u00e1s a las redes o si una exposici\u00f3n excesiva debilita el encuentro presencial, pero ambas situaciones podr\u00edan propiciar el escenario.<\/p>\n\n\n\n<p class=\"wp-block-paragraph\">Ser\u00eda f\u00e1cil culpar a los adolescentes o reducir la discusi\u00f3n a prohibir los tel\u00e9fonos. Sin embargo, las redes sociales forman parte de sus vidas y les permiten comunicarse, informarse y encontrar comunidades. El problema aparece&nbsp;cuando desplazan&nbsp;otros h\u00e1bitos.<\/p>\n\n\n\n<p class=\"wp-block-paragraph\">Adem\u00e1s de establecer l\u00edmites razonables, debemos revisar qu\u00e9 alternativas ofrecemos. Pedirles que dejen sus pantallas tiene poco sentido si no cuentan con lugares seguros donde reunirse, jugar o pasar tiempo al aire libre.<\/p>\n\n\n\n<p class=\"wp-block-paragraph\">Cambiar este h\u00e1bito requiere m\u00e1s que prohibiciones. Las escuelas pueden incorporar experiencias fuera del aula, las comunidades recuperar espacios de encuentro y las organizaciones sociales acercar actividades culturales, deportivas y de contacto con la naturaleza donde existen pocas opciones.<\/p>\n\n\n\n<p class=\"wp-block-paragraph\">Las 45 horas que registra Chile deber\u00edan llevarnos a revisar c\u00f3mo distribuyen su tiempo las nuevas generaciones y qu\u00e9 condiciones hemos creado los adultos para que encuentren experiencias atractivas cuando levanten la mirada de la pantalla.<\/p>\n\n\n\n<p class=\"wp-block-paragraph\"><strong>Florencia P\u00e9rez, Directora Ejecutiva de Fundaci\u00f3n Brotario<\/strong><\/p>\n","protected":false},"excerpt":{"rendered":"<p>Un informe de la OCDE revel\u00f3 que los estudiantes de 15 a\u00f1os en Chile reportan pasar m\u00e1s de 45 horas semanales en redes sociales. Es la cifra m\u00e1s alta entre los pa\u00edses analizados y equivale a m\u00e1s de una jornada laboral completa.<\/p>\n","protected":false},"author":1,"featured_media":37333,"comment_status":"closed","ping_status":"closed","sticky":false,"template":"","format":"standard","meta":{"footnotes":""},"categories":[3,11,5111,4989,4738,4747,4395,2514],"tags":[2118,337,273,247,133],"class_list":["post-37332","post","type-post","status-publish","format-standard","has-post-thumbnail","hentry","category-al-dia","category-educacion","category-infancia-media","category-informatica-y-redes","category-jovenes","category-ninez","category-sociedad","category-tecnologia","tag-semanariolocal","tag-informacion","tag-noticias","tag-region-de-los-lagos","tag-semanario-local"],"_links":{"self":[{"href":"https:\/\/www.semanariolocal.cl\/index.php?rest_route=\/wp\/v2\/posts\/37332","targetHints":{"allow":["GET"]}}],"collection":[{"href":"https:\/\/www.semanariolocal.cl\/index.php?rest_route=\/wp\/v2\/posts"}],"about":[{"href":"https:\/\/www.semanariolocal.cl\/index.php?rest_route=\/wp\/v2\/types\/post"}],"author":[{"embeddable":true,"href":"https:\/\/www.semanariolocal.cl\/index.php?rest_route=\/wp\/v2\/users\/1"}],"replies":[{"embeddable":true,"href":"https:\/\/www.semanariolocal.cl\/index.php?rest_route=%2Fwp%2Fv2%2Fcomments&post=37332"}],"version-history":[{"count":1,"href":"https:\/\/www.semanariolocal.cl\/index.php?rest_route=\/wp\/v2\/posts\/37332\/revisions"}],"predecessor-version":[{"id":37334,"href":"https:\/\/www.semanariolocal.cl\/index.php?rest_route=\/wp\/v2\/posts\/37332\/revisions\/37334"}],"wp:featuredmedia":[{"embeddable":true,"href":"https:\/\/www.semanariolocal.cl\/index.php?rest_route=\/wp\/v2\/media\/37333"}],"wp:attachment":[{"href":"https:\/\/www.semanariolocal.cl\/index.php?rest_route=%2Fwp%2Fv2%2Fmedia&parent=37332"}],"wp:term":[{"taxonomy":"category","embeddable":true,"href":"https:\/\/www.semanariolocal.cl\/index.php?rest_route=%2Fwp%2Fv2%2Fcategories&post=37332"},{"taxonomy":"post_tag","embeddable":true,"href":"https:\/\/www.semanariolocal.cl\/index.php?rest_route=%2Fwp%2Fv2%2Ftags&post=37332"}],"curies":[{"name":"wp","href":"https:\/\/api.w.org\/{rel}","templated":true}]}}