{"id":3733,"date":"2021-12-29T21:19:18","date_gmt":"2021-12-30T00:19:18","guid":{"rendered":"https:\/\/www.semanariolocal.cl\/?p=3733"},"modified":"2021-12-29T21:19:18","modified_gmt":"2021-12-30T00:19:18","slug":"consejos-para-proteger-a-tu-mascota-de-los-fuegos-artificiale","status":"publish","type":"post","link":"https:\/\/www.semanariolocal.cl\/?p=3733","title":{"rendered":"Consejos para proteger a tu mascota de los fuegos artificiale"},"content":{"rendered":"\n<p style=\"font-size:17px\">Muchas personas consideran a sus mascotas como parte de la familia, es por esto que, los especialistas del Programa Mascota Protegida de la Subsecretar\u00eda de Desarrollo Regional y Administrativo (Subdere), entregaron seis recomendaciones para vivir un a\u00f1o de forma segura junto tus perros y gatos, sobre todo ante la inquietud que les genera la pirotecnia.<\/p>\n\n\n\n<p style=\"font-size:17px\"><strong>1) Acomp\u00e1\u00f1alos y contenlos<\/strong><\/p>\n\n\n\n<p style=\"font-size:17px\">Los m\u00e9dicos veterinarios especializados en conducta animal sugieren que la compa\u00f1\u00eda y contenci\u00f3n les ayudar\u00e1 a sentirse m\u00e1s seguros y calmados.<\/p>\n\n\n\n<p style=\"font-size:17px\"><strong>2) D\u00e9jalos en casa<\/strong><\/p>\n\n\n\n<p style=\"font-size:17px\">En caso de tener planes para a\u00f1o nuevo, se recomienda que no los lleves a lugares desconocidos en que con pirotecnia podr\u00edan ponerse en un mayor estado de alerta y agravar un cuadro de estr\u00e9s.<\/p>\n\n\n\n<p style=\"font-size:17px\"><strong>3) Evita lugares abiertos<\/strong><\/p>\n\n\n\n<p style=\"font-size:17px\">Si lo dejas en casa durante los fuegos artificiales, se recomienda que est\u00e9n en una pieza cerrada sin acceso a ventanales o patio, cerrando muy bien ventanas y puertas, ya que a algunos animales les genera un est\u00edmulo de huida, arriesgando escapes, accidentes, cortes o lesiones.<\/p>\n\n\n\n<p style=\"font-size:17px\"><strong>4) Evita uso de tranquilizantes sin prescripci\u00f3n m\u00e9dica veterinaria<\/strong><\/p>\n\n\n\n<p style=\"font-size:17px\">El uso de f\u00e1rmacos debe ser s\u00f3lo prescrito por un m\u00e9dico veterinario, ya que un mal uso, pudiera ocasionar problemas neurol\u00f3gicos y\/o cardiovasculares graves.<\/p>\n\n\n\n<p style=\"font-size:17px\"><strong>5) Consulta con un et\u00f3logo en caso de fobia a ruidos fuertes<\/strong><\/p>\n\n\n\n<p style=\"font-size:17px\">Los animales tambi\u00e9n pueden sufrir de problemas conductuales y emocionales negativos como las fobias, en estos casos, las respuestas excesivas de miedo y ansiedad pueden ser tratadas si se realizan con la debida atenci\u00f3n m\u00e9dica veterinaria especializada.<\/p>\n\n\n\n<p style=\"font-size:17px\"><strong>6) Mantenlos en un ambiente tranquilo y enriquecido<\/strong><\/p>\n\n\n\n<p style=\"font-size:17px\">La m\u00fasica cl\u00e1sica suave y luz tenue pueden ayudar a la tranquilidad de tu mascota y propiciar que se sientan en un ambiente m\u00e1s c\u00f3modo.<\/p>\n","protected":false},"excerpt":{"rendered":"<p>Desde evitar lugares abiertos hasta ponerles m\u00fasica cl\u00e1sica, son algunos de los tips que la Subdere entreg\u00f3 para que las familias multiespecies vivan un a\u00f1o nuevo responsable junto a sus mascotas.<\/p>\n","protected":false},"author":1,"featured_media":3734,"comment_status":"closed","ping_status":"closed","sticky":false,"template":"","format":"standard","meta":{"footnotes":""},"categories":[3],"tags":[],"class_list":["post-3733","post","type-post","status-publish","format-standard","has-post-thumbnail","hentry","category-al-dia"],"_links":{"self":[{"href":"https:\/\/www.semanariolocal.cl\/index.php?rest_route=\/wp\/v2\/posts\/3733","targetHints":{"allow":["GET"]}}],"collection":[{"href":"https:\/\/www.semanariolocal.cl\/index.php?rest_route=\/wp\/v2\/posts"}],"about":[{"href":"https:\/\/www.semanariolocal.cl\/index.php?rest_route=\/wp\/v2\/types\/post"}],"author":[{"embeddable":true,"href":"https:\/\/www.semanariolocal.cl\/index.php?rest_route=\/wp\/v2\/users\/1"}],"replies":[{"embeddable":true,"href":"https:\/\/www.semanariolocal.cl\/index.php?rest_route=%2Fwp%2Fv2%2Fcomments&post=3733"}],"version-history":[{"count":1,"href":"https:\/\/www.semanariolocal.cl\/index.php?rest_route=\/wp\/v2\/posts\/3733\/revisions"}],"predecessor-version":[{"id":3735,"href":"https:\/\/www.semanariolocal.cl\/index.php?rest_route=\/wp\/v2\/posts\/3733\/revisions\/3735"}],"wp:featuredmedia":[{"embeddable":true,"href":"https:\/\/www.semanariolocal.cl\/index.php?rest_route=\/wp\/v2\/media\/3734"}],"wp:attachment":[{"href":"https:\/\/www.semanariolocal.cl\/index.php?rest_route=%2Fwp%2Fv2%2Fmedia&parent=3733"}],"wp:term":[{"taxonomy":"category","embeddable":true,"href":"https:\/\/www.semanariolocal.cl\/index.php?rest_route=%2Fwp%2Fv2%2Fcategories&post=3733"},{"taxonomy":"post_tag","embeddable":true,"href":"https:\/\/www.semanariolocal.cl\/index.php?rest_route=%2Fwp%2Fv2%2Ftags&post=3733"}],"curies":[{"name":"wp","href":"https:\/\/api.w.org\/{rel}","templated":true}]}}