{"id":37325,"date":"2026-09-03T08:35:00","date_gmt":"2026-09-03T12:35:00","guid":{"rendered":"https:\/\/www.semanariolocal.cl\/?p=37325"},"modified":"2026-09-04T08:54:17","modified_gmt":"2026-09-04T12:54:17","slug":"osorno-y-chiloe-representaran-a-la-region-en-el-voleibol-de-los-proximos-juegos-binacionales","status":"publish","type":"post","link":"https:\/\/www.semanariolocal.cl\/?p=37325","title":{"rendered":"Osorno y Chilo\u00e9 representar\u00e1n a la regi\u00f3n en el v\u00f3leibol de los pr\u00f3ximos Juegos Binacionales"},"content":{"rendered":"\n<p class=\"wp-block-paragraph\"><strong><mark style=\"background-color:#abb8c3\" class=\"has-inline-color has-white-color\">03 de Septiembre del 2026.- <\/mark><\/strong>Tras un intenso selectivo disputado en el gimnasio IND de Puerto Montt y realizado en el marco de los Juegos Binacionales de la Araucan\u00eda, la Asociaci\u00f3n de Osorno gan\u00f3 la fase regional de v\u00f3leibol en la categor\u00eda femenina, mientras que el cuadro de Chilo\u00e9 triunf\u00f3 en la rama masculina.<\/p>\n\n\n\n<p class=\"wp-block-paragraph\">Durante la jornada, los planteles celebraron su triunfo y recibieron las felicitaciones del Seremi del Deporte, Fernando Binder, y del Director Regional del IND, Ernesto Villarroel, quienes les desearon el mayor de los \u00e9xitos para el desaf\u00edo que se vivir\u00e1 en la Regi\u00f3n de Los R\u00edos.<\/p>\n\n\n\n<p class=\"wp-block-paragraph\">Al respecto, el Director Regional del IND, Ernesto Villarroel destac\u00f3 a los equipos clasificados, mencionando que \u201cFelicitamos a ambos equipos que nos van a representar como Regi\u00f3n de Los Lagos en esta versi\u00f3n de los Juegos de la Araucan\u00eda en la Regi\u00f3n de los R\u00edos, as\u00ed como tambi\u00e9n, a quienes participaron de las provincias de Osorno, Chilo\u00e9 y Llanquihue, que lo hicieron con mucha fuerza para haber logrado estos cupos. Estoy muy contento por el resultado y desde ya, ambos equipos damas y varones empezar\u00e1n a entrenar para lo que va a ser esta justa deportiva en el mes de octubre en la ciudad de Valdivia\u201d.<\/p>\n\n\n\n<p class=\"wp-block-paragraph\">Por su parte, Camila Lucero, de la Asociaci\u00f3n de Osorno, se refiri\u00f3 a esta competencia, se\u00f1alando que \u201cNosotras venimos de la Provincia de Osorno y esta es la segunda vez que logramos clasificar para los Juegos de la Araucan\u00eda, por lo cual, estamos muy contentas con esta experiencia. Esto estuvo intenso, fue dif\u00edcil ganarlo, pero fue muy entretenido. Ahora, vamos a tener harto entrenamiento, nos vamos a mover mucho y estamos felices y ansiosas para que llegue la fecha de la competencia\u201d.<\/p>\n\n\n\n<p class=\"wp-block-paragraph\">En tanto, Luciano Veloso, capit\u00e1n de la Provincia de Chilo\u00e9, se mostr\u00f3 contento con la clasificaci\u00f3n, expresando que \u201cVinimos en representaci\u00f3n de la Provincia de Chilo\u00e9 y la jornada nos pareci\u00f3 muy intensa, los partidos estuvieron muy peleados.&nbsp; Nosotros nos preparamos muy bien para este a\u00f1o y jugamos la LINAME (Liga Nacional de Menores de v\u00f3leibol). Es la tercera vez que clasificamos como club, y esperamos rendir de la mejor forma posible, tenemos un buen equipo, as\u00ed que yo creo que con una buena preparaci\u00f3n nos va a ir bien\u201d.<\/p>\n\n\n\n<p class=\"wp-block-paragraph\">Los Juegos Binacionales de la Araucan\u00eda son una competencia deportiva internacional que re\u00fane a j\u00f3venes de las regiones del sur de Chile y de las provincias de la Patagonia de Argentina.<\/p>\n\n\n\n<figure class=\"wp-block-image size-large\"><img loading=\"lazy\" decoding=\"async\" width=\"1000\" height=\"600\" src=\"https:\/\/www.semanariolocal.cl\/wp-content\/uploads\/2026\/09\/voley2-1000x600.jpg\" alt=\"\" class=\"wp-image-37327\" srcset=\"https:\/\/www.semanariolocal.cl\/wp-content\/uploads\/2026\/09\/voley2-1000x600.jpg 1000w, https:\/\/www.semanariolocal.cl\/wp-content\/uploads\/2026\/09\/voley2-300x180.jpg 300w, https:\/\/www.semanariolocal.cl\/wp-content\/uploads\/2026\/09\/voley2-767x460.jpg 767w, https:\/\/www.semanariolocal.cl\/wp-content\/uploads\/2026\/09\/voley2-166x100.jpg 166w, https:\/\/www.semanariolocal.cl\/wp-content\/uploads\/2026\/09\/voley2.jpg 1200w\" sizes=\"auto, (max-width: 1000px) 100vw, 1000px\" \/><\/figure>\n","protected":false},"excerpt":{"rendered":"<p>Este certamen binacional se efectuar\u00e1 entre el 25 al 31 de octubre en la Regi\u00f3n de Los R\u00edos.<\/p>\n","protected":false},"author":1,"featured_media":37326,"comment_status":"closed","ping_status":"closed","sticky":false,"template":"","format":"standard","meta":{"footnotes":""},"categories":[3,2434,11,4839,2483],"tags":[2118,1908,337,3040,836,273,247,133],"class_list":["post-37325","post","type-post","status-publish","format-standard","has-post-thumbnail","hentry","category-al-dia","category-deporte","category-educacion","category-eventos-deportivos","category-region","tag-semanariolocal","tag-ind-los-lagos","tag-informacion","tag-mindep-chile","tag-mindep-los-lagos","tag-noticias","tag-region-de-los-lagos","tag-semanario-local"],"_links":{"self":[{"href":"https:\/\/www.semanariolocal.cl\/index.php?rest_route=\/wp\/v2\/posts\/37325","targetHints":{"allow":["GET"]}}],"collection":[{"href":"https:\/\/www.semanariolocal.cl\/index.php?rest_route=\/wp\/v2\/posts"}],"about":[{"href":"https:\/\/www.semanariolocal.cl\/index.php?rest_route=\/wp\/v2\/types\/post"}],"author":[{"embeddable":true,"href":"https:\/\/www.semanariolocal.cl\/index.php?rest_route=\/wp\/v2\/users\/1"}],"replies":[{"embeddable":true,"href":"https:\/\/www.semanariolocal.cl\/index.php?rest_route=%2Fwp%2Fv2%2Fcomments&post=37325"}],"version-history":[{"count":1,"href":"https:\/\/www.semanariolocal.cl\/index.php?rest_route=\/wp\/v2\/posts\/37325\/revisions"}],"predecessor-version":[{"id":37328,"href":"https:\/\/www.semanariolocal.cl\/index.php?rest_route=\/wp\/v2\/posts\/37325\/revisions\/37328"}],"wp:featuredmedia":[{"embeddable":true,"href":"https:\/\/www.semanariolocal.cl\/index.php?rest_route=\/wp\/v2\/media\/37326"}],"wp:attachment":[{"href":"https:\/\/www.semanariolocal.cl\/index.php?rest_route=%2Fwp%2Fv2%2Fmedia&parent=37325"}],"wp:term":[{"taxonomy":"category","embeddable":true,"href":"https:\/\/www.semanariolocal.cl\/index.php?rest_route=%2Fwp%2Fv2%2Fcategories&post=37325"},{"taxonomy":"post_tag","embeddable":true,"href":"https:\/\/www.semanariolocal.cl\/index.php?rest_route=%2Fwp%2Fv2%2Ftags&post=37325"}],"curies":[{"name":"wp","href":"https:\/\/api.w.org\/{rel}","templated":true}]}}