{"id":37321,"date":"2026-09-03T10:30:00","date_gmt":"2026-09-03T14:30:00","guid":{"rendered":"https:\/\/www.semanariolocal.cl\/?p=37321"},"modified":"2026-09-04T07:29:54","modified_gmt":"2026-09-04T11:29:54","slug":"variado-programa-organizadodesde-el-municipio-osornino-para-el-mes-de-septiembre","status":"publish","type":"post","link":"https:\/\/www.semanariolocal.cl\/?p=37321","title":{"rendered":"Variado programa presente el Municipio osornino para mes de septiembre"},"content":{"rendered":"\n<p class=\"wp-block-paragraph\"><strong><mark style=\"background-color:#abb8c3\" class=\"has-inline-color has-white-color\">03 de Septiembre del 2026.- <\/mark><\/strong>El alcalde Jaime Bertin explic\u00f3 que el aniversario de Chile se celebra todo el mes de septiembre, por ello se han preparado cerca de una veintena de eventos, en el \u00e1mbito de la cultura, acci\u00f3n social, desfiles, religiosos y deportivos.<\/p>\n\n\n\n<p class=\"wp-block-paragraph\">Para este 2026 la novedad de la cartelera es sin duda la corrida con obst\u00e1culos \u201c<strong><em>Osorno sin L\u00edmites<\/em><\/strong>\u201d, la celebraci\u00f3n de juegos t\u00edpicos de feria rememorando las fiestas patrias de anta\u00f1o en el marco de la actividad \u201c<strong><em>Septiembre en tu Plaza<\/em><\/strong>\u201d y el esperado retorno de la <strong><em>\u201cCarrera de Garzones\u201d<\/em><\/strong>, que se realizar\u00e1 finalizada la Parada Militar el jueves 17.<\/p>\n\n\n\n<p class=\"wp-block-paragraph\">Desde el municipio se inform\u00f3 que el programa con las actividades del mes de la Patria es financiado con fondos de la casa edilicia, destin\u00e1ndose este a\u00f1o 2026 alrededor de 100 millones de pesos, para la adquisici\u00f3n de todos los requerimientos propios a cada una de las actividades orientadas con cari\u00f1o a la comunidad<\/p>\n\n\n\n<p class=\"wp-block-paragraph\"><strong><u>DETALLE PROGRAMA<\/u><\/strong> <strong><u>FIESTAS PATRIAS OSORNO 2026<\/u><\/strong><\/p>\n\n\n\n<p class=\"wp-block-paragraph\"><strong><u>VIERNES 04 DE SEPTIEMBRE DEL 2026:<\/u><\/strong><\/p>\n\n\n\n<p class=\"wp-block-paragraph\"><strong>IZAMIENTO PABELL\u00d3N NACIONAL<\/strong><strong><\/strong><\/p>\n\n\n\n<p class=\"wp-block-paragraph\"><strong>DESTACAMENTO DE MONTA\u00d1A N\u00b09 ARAUCO<\/strong><strong><\/strong><\/p>\n\n\n\n<ul class=\"wp-block-list\">\n<li>LUGAR: PLAZA DE ARMAS, POR CALLE O\u2019HIGGINS.<\/li>\n\n\n\n<li>HORARIO: 9:00 HORAS.<\/li>\n<\/ul>\n\n\n\n<p class=\"wp-block-paragraph\"><strong><u>S\u00c1BADO 05 DE SEPTIEMBRE DEL 2026:<\/u><\/strong><\/p>\n\n\n\n<p class=\"wp-block-paragraph\"><strong>CORRIDA CON OBST\u00c1CULOS \u201cOSORNO SIN L\u00cdMITES\u201d<\/strong><strong><\/strong><\/p>\n\n\n\n<p class=\"wp-block-paragraph\"><strong>ORGANIZADA POR EL MUNCIIPIO CON EL APOYO DEL DESTACAMENTO N\u00b09 ARAUCO<\/strong><strong><\/strong><\/p>\n\n\n\n<ul class=\"wp-block-list\">\n<li>LUGAR: RECINTO DESTACAMENTO DE MONTA\u00d1A N\u00b09 ARAUCO, CA\u00d1AL BAJO.<\/li>\n\n\n\n<li>HORARIO: 11:30 HORAS.<\/li>\n<\/ul>\n\n\n\n<p class=\"wp-block-paragraph\"><strong><u>DOMINGO 06 DE SEPTIEMBRE DEL 2026:<\/u><\/strong><\/p>\n\n\n\n<p class=\"wp-block-paragraph\"><strong>MISA A LA CHILENA<\/strong><\/p>\n\n\n\n<ul class=\"wp-block-list\">\n<li>LUGAR: CATEDRAL SAN MATEO.<\/li>\n\n\n\n<li>HORARIO: 11:00 HORAS.<\/li>\n<\/ul>\n\n\n\n<p class=\"wp-block-paragraph\"><strong><u>DOMINGO 06 DE SEPTIEMBRE DEL 2026:<\/u><\/strong><\/p>\n\n\n\n<p class=\"wp-block-paragraph\"><strong>DESFILE DE CONJUNTOS FOLCL\u00d3RICOS<\/strong><\/p>\n\n\n\n<ul class=\"wp-block-list\">\n<li>LUGAR: CALLE M.A. MATTA, ENTRE MACKENNA Y RAM\u00cdREZ.<\/li>\n\n\n\n<li>HORARIO: 13:00 HORAS.fs<\/li>\n<\/ul>\n\n\n\n<p class=\"wp-block-paragraph\"><strong><u>LUNES 07 DE SEPTIEMBRE DEL 2026:<\/u><\/strong><\/p>\n\n\n\n<p class=\"wp-block-paragraph\"><strong>GALA FOLCL\u00d3RICA CENTRO DIURNO DEL ADULTO MAYOR OSORNO<\/strong><strong><\/strong><\/p>\n\n\n\n<ul class=\"wp-block-list\">\n<li>LUGAR: AUDIT\u00d3RIUM CENTRO DE ATENCI\u00d3N AL VECINO.<\/li>\n\n\n\n<li>HORARIO: 15:30 HORAS.<\/li>\n<\/ul>\n\n\n\n<p class=\"wp-block-paragraph\"><strong><u>LUNES 07 DE SEPTIEMBRE DEL 2026:<\/u><\/strong><\/p>\n\n\n\n<p class=\"wp-block-paragraph\"><strong>TEDEUM EVANG\u00c9LICO<\/strong><\/p>\n\n\n\n<p class=\"wp-block-paragraph\"><strong>ORACI\u00d3N POR LA PATRIA Y LAS AUTORIDADES<\/strong><\/p>\n\n\n\n<ul class=\"wp-block-list\">\n<li>LUGAR: TEMPLO CCR, AVENIDA NUEVA MACKENNA #671.<\/li>\n\n\n\n<li>HORARIO: 20:00 HORAS.<\/li>\n<\/ul>\n\n\n\n<p class=\"wp-block-paragraph\"><strong><u>MARTES 08 DE SEPTIEMBRE DEL 2026:<\/u><\/strong><\/p>\n\n\n\n<p class=\"wp-block-paragraph\"><strong>VISITA SOCIAL ALBERGUE MUNICIPAL \u201cPROTEGE\u201d<\/strong><\/p>\n\n\n\n<ul class=\"wp-block-list\">\n<li>LUGAR: RECINTO DE AV. C\u00c9SAR ERCILLA #1430.<\/li>\n\n\n\n<li>HORARIO: 12:30 HORAS.<\/li>\n<\/ul>\n\n\n\n<p class=\"wp-block-paragraph\"><strong><u>MI\u00c9RCOLES 09 DE SEPTIEMBRE DEL 2026:<\/u><\/strong><\/p>\n\n\n\n<p class=\"wp-block-paragraph\"><strong>ACCI\u00d3N SOCIAL CENTRO DE CUMPLIMIENTO PENITENCIARIO OSORNO<\/strong><\/p>\n\n\n\n<ul class=\"wp-block-list\">\n<li>LUGAR: RECINTO DE CALLE AMTHAUER #1399.<\/li>\n\n\n\n<li>HORARIO: DESDE LAS 11:00 HORAS.<\/li>\n<\/ul>\n\n\n\n<p class=\"wp-block-paragraph\"><strong><u>JUEVES 10 DE SEPTIEMBRE DEL 2026:<\/u><\/strong><\/p>\n\n\n\n<p class=\"wp-block-paragraph\"><strong>VISITA A ESTABLECIMIENTOS DE LARGA ESTAD\u00cdA &#8211; ELEAM<\/strong><\/p>\n\n\n\n<ul class=\"wp-block-list\">\n<li>FUNDACI\u00d3N LAS ROSAS &#8211; HOGAR ALEM\u00c1N \u2013 BETSAIDA.<\/li>\n\n\n\n<li>HORARIO: DESDE LAS 15:00 HORAS.<\/li>\n<\/ul>\n\n\n\n<p class=\"wp-block-paragraph\"><strong><u>VIERNES 11 DE SEPTIEMBRE DEL 2026:<\/u><\/strong><\/p>\n\n\n\n<p class=\"wp-block-paragraph\"><strong>VISITA COMEDOR ABIERTO \u201cPARROQUIA SAN LEOPOLDO MANDIC\u201d<\/strong><\/p>\n\n\n\n<ul class=\"wp-block-list\">\n<li>LUGAR: POBLACI\u00d3N LAS VEGAS.<\/li>\n\n\n\n<li>HORARIO: 12:30 HORAS.<\/li>\n<\/ul>\n\n\n\n<p class=\"wp-block-paragraph\"><strong>VISITA COMEDOR ABIERTO \u201cOLLA SOLIDARIA SANTA MAR\u00cdA JOSEFA\u201d<\/strong><\/p>\n\n\n\n<ul class=\"wp-block-list\">\n<li>LUGAR: POBLACI\u00d3N V CENTENARIO.<\/li>\n\n\n\n<li>HORARIO: 16:00 HORAS.<\/li>\n<\/ul>\n\n\n\n<p class=\"wp-block-paragraph\"><strong><u>S\u00c1BADO 12 DE SEPTIEMBRE DEL 2026:<\/u><\/strong><\/p>\n\n\n\n<p class=\"wp-block-paragraph\"><strong>DESFILE DE GRUPOS DE SCOUT<\/strong><\/p>\n\n\n\n<ul class=\"wp-block-list\">\n<li>LUGAR: POR AV. MACKENNA, ENTRE MATTA Y O\u2019HIGGINS.<\/li>\n\n\n\n<li>HORARIO: 12:00 HORAS.<\/li>\n<\/ul>\n\n\n\n<p class=\"wp-block-paragraph\"><strong><u>S\u00c1BADO 12 DE SEPTIEMBRE DEL 2025:<\/u><\/strong><\/p>\n\n\n\n<p class=\"wp-block-paragraph\"><strong>CARNAVAL FOLCL\u00d3RICO BARRIO LYNCH.<\/strong><\/p>\n\n\n\n<ul class=\"wp-block-list\">\n<li>LUGAR: DESDE CRUCE LYNCH A PLAZA YUNGAY.<\/li>\n\n\n\n<li>HORARIO: DESDE LAS 10:00 HORAS.<\/li>\n<\/ul>\n\n\n\n<p class=\"wp-block-paragraph\"><strong><u>S\u00c1BADO 12 Y DOMINGO 13 DE SEPTIEMBRE DEL 2026:<\/u><\/strong><\/p>\n\n\n\n<p class=\"wp-block-paragraph\"><strong>CELEBRACI\u00d3N \u201cSEPTIEMBRE EN TU PLAZA\u201d<\/strong><\/p>\n\n\n\n<p class=\"wp-block-paragraph\"><strong>EMPRENDEDORES &#8211; JUEGOS DIECIOCHEROS &#8211;&nbsp; MUSICA EN VIVO<\/strong><\/p>\n\n\n\n<ul class=\"wp-block-list\">\n<li>LUGAR: PLAZA DE ARMAS, POR CALLE O\u2019HIGGINS.<\/li>\n\n\n\n<li>HORARIO: 12:00 A 21:00 HORAS.<\/li>\n<\/ul>\n\n\n\n<p class=\"wp-block-paragraph\"><strong><u>DOMINGO 13 DE SEPTIEMBRE DEL 2026:<\/u><\/strong><\/p>\n\n\n\n<p class=\"wp-block-paragraph\"><strong>VISITA SOCIAL A PACIENTES DIALIZADOS Y TRANSPLANTADOS<\/strong><\/p>\n\n\n\n<ul class=\"wp-block-list\">\n<li>LUGAR:CENTRO COMUNITARIO ASODIATRANS, AV. C\u00c9SAR ERCILLA #255.<\/li>\n\n\n\n<li>HORARIO: 14:30 HORAS.<\/li>\n<\/ul>\n\n\n\n<p class=\"wp-block-paragraph\"><strong><u>DOMINGO 13 DE SEPTIEMBRE DEL 2026:<\/u><\/strong><\/p>\n\n\n\n<p class=\"wp-block-paragraph\"><strong>CAMPEONATO RURAL DE CUECAS.<\/strong><strong><\/strong><\/p>\n\n\n\n<ul class=\"wp-block-list\">\n<li>LUGAR: GIMNASIO LICEO ELEUTERIO RAM\u00cdREZ.<\/li>\n\n\n\n<li>HORARIO: DESDE LAS 14:00 HORAS.<\/li>\n<\/ul>\n\n\n\n<p class=\"wp-block-paragraph\"><strong><u>JUEVES 17 DE SEPTIEMBRE DEL 2026:<\/u><\/strong><\/p>\n\n\n\n<p class=\"wp-block-paragraph\"><strong>TEDEUM ECUM\u00c9NICO DE FIESTAS PATRIAS<\/strong><\/p>\n\n\n\n<ul class=\"wp-block-list\">\n<li>LUGAR: CATEDRAL SAN MATEO.<\/li>\n\n\n\n<li>HORARIO: 9:45 HORAS.<\/li>\n<\/ul>\n\n\n\n<p class=\"wp-block-paragraph\"><strong><u>JUEVES 17 DE SEPTIEMBRE DEL 2026:<\/u><\/strong><\/p>\n\n\n\n<p class=\"wp-block-paragraph\"><strong>PARADA MILITAR<\/strong><\/p>\n\n\n\n<ul class=\"wp-block-list\">\n<li>LUGAR: POR CALLE BERNARDO O\u2019HIGGINS.<\/li>\n\n\n\n<li>HORARIO: 11:00 HORAS.<\/li>\n<\/ul>\n\n\n\n<p class=\"wp-block-paragraph\"><strong><u>JUEVES 17 DE SEPTIEMBRE DEL 2026:<\/u><\/strong><\/p>\n\n\n\n<p class=\"wp-block-paragraph\"><strong>CARRERA DE GARZONES Y BARTENDER<\/strong><\/p>\n\n\n\n<ul class=\"wp-block-list\">\n<li>LUGAR: PLAZA DE ARMAS &#8211; FRONTIS MUNICIPALIDAD DE OSORNO.<\/li>\n\n\n\n<li>HORARIO: 14:00 HORAS.<\/li>\n\n\n\n<li>FINALIZADA LA PARADA MILITAR.<\/li>\n<\/ul>\n\n\n\n<p class=\"wp-block-paragraph\"><strong><u>VIERNES 25 DE SEPTIEMBRE DEL 2026:<\/u><\/strong><\/p>\n\n\n\n<p class=\"wp-block-paragraph\"><strong>PRESENTACI\u00d3N BANDA DESTACAMENTO DE MONTA\u00d1A N\u00b09 ARAUCO<\/strong><\/p>\n\n\n\n<ul class=\"wp-block-list\">\n<li>LUGAR: TEATRO MUNICIPAL DE OSORNO.<\/li>\n\n\n\n<li>HORARIO: 19:30 HORAS.<\/li>\n<\/ul>\n\n\n\n<p class=\"wp-block-paragraph\"><strong>CELEBRACI\u00d3N CENTRAL DE FIESTAS PATRIAS 2026<\/strong><\/p>\n\n\n\n<p class=\"wp-block-paragraph\"><strong>18 \u2013 19 \u2013 20 de septiembre 2026<\/strong><\/p>\n\n\n\n<p class=\"wp-block-paragraph\"><strong><u>INGRESO LIBERADO<\/u><\/strong><\/p>\n\n\n\n<p class=\"wp-block-paragraph\"><strong>VIERNES 18 S\u00c1BADO 19 DE SEPTIEMBRE 2026<\/strong><\/p>\n\n\n\n<ul class=\"wp-block-list\">\n<li><strong>Apertura parque: 10:00 horas.<\/strong><\/li>\n\n\n\n<li><strong>Cierre Parque Chuyaca: 23:00 horas.<\/strong><\/li>\n<\/ul>\n\n\n\n<p class=\"wp-block-paragraph\"><strong>DOMINGO 20 DE SEPTIEMBRE 2026<\/strong><\/p>\n\n\n\n<ul class=\"wp-block-list\">\n<li><strong>Apertura parque: 10:00 horas.<\/strong><\/li>\n\n\n\n<li><strong>Cierre Parque Chuyaca: 20:00 horas.<\/strong><\/li>\n<\/ul>\n\n\n\n<p class=\"wp-block-paragraph\"><strong><u>SHOW MUSICAL CENTRAL:<\/u><\/strong><\/p>\n\n\n\n<p class=\"wp-block-paragraph\"><strong>VIERNES 18 DE SEPTIEMBRE: DESDE LAS 19:00 HORAS.<u><\/u><\/strong><\/p>\n\n\n\n<ul class=\"wp-block-list\">\n<li>CONJUNTO FOLCL\u00d3RICO\u00a0ALMENDRAL.<\/li>\n\n\n\n<li>KARINA SCHELL, ARTISTA LOCAL.\u00a0<\/li>\n\n\n\n<li>WENA ENERG\u00cdA, CUMBIA RANCHERA.<\/li>\n<\/ul>\n\n\n\n<p class=\"wp-block-paragraph\"><strong>S\u00c1BADO 19 DE SEPTIEMBRE: DESDE LAS 19:00 HORAS.<u><\/u><\/strong><\/p>\n\n\n\n<ul class=\"wp-block-list\">\n<li>CLUB DE CUECA Y FOLCLORE OSORNO<\/li>\n\n\n\n<li>CAMILO FUENTES, ARTISTA LOCAL.\u00a0<\/li>\n\n\n\n<li>D\u00daO ILUSI\u00d3N, CUMBIA RANCHERA.\u00a0<\/li>\n<\/ul>\n\n\n\n<p class=\"wp-block-paragraph\"><strong><u>VIERNES 18 Y S\u00c1BADO 19 DE SEPTIEMBRE 2026:<\/u><\/strong><\/p>\n\n\n\n<p class=\"wp-block-paragraph\"><strong>TRADICIONAL CONCURSO DE CUECA<\/strong><\/p>\n\n\n\n<ul class=\"wp-block-list\">\n<li>HORARIO: DESDE LAS 14:00 HORAS.<\/li>\n\n\n\n<li>LUGAR: ESCENARIO CENTRAL CHUYACA.<\/li>\n<\/ul>\n\n\n\n<p class=\"wp-block-paragraph\"><strong><u>DOMINGO 20 DE SEPTIEMBRE 2026:<\/u><\/strong><\/p>\n\n\n\n<p class=\"wp-block-paragraph\"><strong>JUEGOS POPULARES<\/strong><\/p>\n\n\n\n<ul class=\"wp-block-list\">\n<li>HORARIO: DESDE LAS 15:00 HORAS.<\/li>\n\n\n\n<li>LUGAR: EXPLANADA PRINCIPAL CHUYACA.<\/li>\n<\/ul>\n","protected":false},"excerpt":{"rendered":"<p>La actividad central ser\u00e1 en el Parque Chuyaca, los d\u00edas 19 \u2013 10 \u2013 20 de septiembre, lugar que estar\u00e1 dotado con juegos infantiles, comidas t\u00edpicas, artesan\u00edas, m\u00fasica en vivo y la tradicional competencia de cueca, entre otras atracciones. El ingreso al recinto Chuyaca ser\u00e1 totalmente liberado, con horario de 10:00 a 23:00 horas<\/p>\n","protected":false},"author":1,"featured_media":37322,"comment_status":"closed","ping_status":"closed","sticky":false,"template":"","format":"standard","meta":{"footnotes":""},"categories":[3,4161,3597,4353,4395],"tags":[2118,337,273,247,133,2150],"class_list":["post-37321","post","type-post","status-publish","format-standard","has-post-thumbnail","hentry","category-al-dia","category-familia","category-municipalidad","category-osorno","category-sociedad","tag-semanariolocal","tag-informacion","tag-noticias","tag-region-de-los-lagos","tag-semanario-local","tag-septiembre"],"_links":{"self":[{"href":"https:\/\/www.semanariolocal.cl\/index.php?rest_route=\/wp\/v2\/posts\/37321","targetHints":{"allow":["GET"]}}],"collection":[{"href":"https:\/\/www.semanariolocal.cl\/index.php?rest_route=\/wp\/v2\/posts"}],"about":[{"href":"https:\/\/www.semanariolocal.cl\/index.php?rest_route=\/wp\/v2\/types\/post"}],"author":[{"embeddable":true,"href":"https:\/\/www.semanariolocal.cl\/index.php?rest_route=\/wp\/v2\/users\/1"}],"replies":[{"embeddable":true,"href":"https:\/\/www.semanariolocal.cl\/index.php?rest_route=%2Fwp%2Fv2%2Fcomments&post=37321"}],"version-history":[{"count":2,"href":"https:\/\/www.semanariolocal.cl\/index.php?rest_route=\/wp\/v2\/posts\/37321\/revisions"}],"predecessor-version":[{"id":37324,"href":"https:\/\/www.semanariolocal.cl\/index.php?rest_route=\/wp\/v2\/posts\/37321\/revisions\/37324"}],"wp:featuredmedia":[{"embeddable":true,"href":"https:\/\/www.semanariolocal.cl\/index.php?rest_route=\/wp\/v2\/media\/37322"}],"wp:attachment":[{"href":"https:\/\/www.semanariolocal.cl\/index.php?rest_route=%2Fwp%2Fv2%2Fmedia&parent=37321"}],"wp:term":[{"taxonomy":"category","embeddable":true,"href":"https:\/\/www.semanariolocal.cl\/index.php?rest_route=%2Fwp%2Fv2%2Fcategories&post=37321"},{"taxonomy":"post_tag","embeddable":true,"href":"https:\/\/www.semanariolocal.cl\/index.php?rest_route=%2Fwp%2Fv2%2Ftags&post=37321"}],"curies":[{"name":"wp","href":"https:\/\/api.w.org\/{rel}","templated":true}]}}