{"id":37317,"date":"2026-09-03T08:30:00","date_gmt":"2026-09-03T12:30:00","guid":{"rendered":"https:\/\/www.semanariolocal.cl\/?p=37317"},"modified":"2026-09-03T17:06:24","modified_gmt":"2026-09-03T21:06:24","slug":"diagnostico-temprano-una-oportunidad-no-una-etiqueta","status":"publish","type":"post","link":"https:\/\/www.semanariolocal.cl\/?p=37317","title":{"rendered":"Diagn\u00f3stico temprano: una oportunidad, no una etiqueta"},"content":{"rendered":"\n<p class=\"wp-block-paragraph\"><strong><mark style=\"background-color:#abb8c3\" class=\"has-inline-color has-white-color\">03 de Septiembre del 2026.-<\/mark><\/strong> A\u00fan persiste un gran estigma asociado a este tipo problemas y a las consecuencias que trae para la persona y su familia, lo cual retrasa todav\u00eda m\u00e1s el solicitar ayuda.<\/p>\n\n\n\n<p class=\"wp-block-paragraph\">Lo anterior se vuelve a\u00fan m\u00e1s grave cuando se hace desde mitos o sesgos hacia la salud mental, pues se tiende a pensar que un diagn\u00f3stico es algo limitante, y no una herramienta de comprensi\u00f3n. Por ejemplo, en la ni\u00f1ez temprana, la variabilidad es la norma y las habilidades a\u00fan no se consolidan. Por ello, detectar se\u00f1ales de riesgo a trav\u00e9s de un adecuado an\u00e1lisis del contexto familiar nos permite estimar riesgos potenciales y dise\u00f1ar apoyos oportunos, pero sin definir o marcar a ese ni\u00f1o o ni\u00f1a. Desde el plano cl\u00ednico, la pregunta verdaderamente \u00fatil en estos a\u00f1os formativos no es qu\u00e9 etiqueta portar\u00e1 esa persona en el futuro, sino qu\u00e9 apoyos psicol\u00f3gicos y pedag\u00f3gicos necesita hoy y c\u00f3mo es su singular respuesta a la intervenci\u00f3n.<\/p>\n\n\n\n<p class=\"wp-block-paragraph\">Postergar la evaluaci\u00f3n por temor al estigma tiene altos costos para la salud mental. Las dificultades persistentes sin apoyo generan frustraci\u00f3n cr\u00f3nica, da\u00f1an la autoestima y elevan el riesgo de desarrollar otros problemas como la ansiedad y la depresi\u00f3n. Adem\u00e1s, fen\u00f3menos como el enmascaramiento o las estrategias de compensaci\u00f3n ocultan el malestar interno y retrasan una intervenci\u00f3n que optimizar\u00eda su adaptaci\u00f3n social y bienestar emocional, lo cual es especialmente doloroso en una sociedad que tanto valora la felicidad.<\/p>\n\n\n\n<p class=\"wp-block-paragraph\">El diagn\u00f3stico no debe reducir la complejidad de la persona. En ese sentido, una condici\u00f3n neurodivergente (como TEA o TDAH) describe una forma particular de procesar el mundo, pero no limita las capacidades cognitivas, la curiosidad o la creatividad de una persona. Hay que romper el esquema o creencia de que recibir ayuda en salud mental es un signo de debilidad,&nbsp; resignific\u00e1ndolo como una se\u00f1al de valent\u00eda. Como profesionales de la salud mental, debemos ser enf\u00e1ticos en comunicar los beneficios de un diagn\u00f3stico temprano, visibilizando indicadores de riesgo pero socializando, tambi\u00e9n, qu\u00e9 estrategias existen para acompa\u00f1ar estos procesos (modalidades de terapia, talleres participativos psicoeducativos, mesas de trabajo multidisciplinares, etc).<\/p>\n\n\n\n<p class=\"wp-block-paragraph\"><strong>Javier Gonz\u00e1lez Cuevas, acad\u00e9mico de la carrera de Psicolog\u00eda y Director del Centro de Atenci\u00f3n Psicol\u00f3gica y Estudios, Universidad Central de Chile, Regi\u00f3n de Coquimbo.<\/strong><\/p>\n","protected":false},"excerpt":{"rendered":"<p>\u00bf Sabia Usted que al d\u00eda de hoy  el temor ante un diagn\u00f3stico en salud mental es mas mucho frecuente de lo que usted siquiera puede imaginar?<\/p>\n","protected":false},"author":1,"featured_media":37318,"comment_status":"closed","ping_status":"closed","sticky":false,"template":"","format":"standard","meta":{"footnotes":""},"categories":[4396,7,2484,4556],"tags":[2118,337,273,247,133],"class_list":["post-37317","post","type-post","status-publish","format-standard","has-post-thumbnail","hentry","category-especialista","category-opinion","category-salud","category-salud-mental","tag-semanariolocal","tag-informacion","tag-noticias","tag-region-de-los-lagos","tag-semanario-local"],"_links":{"self":[{"href":"https:\/\/www.semanariolocal.cl\/index.php?rest_route=\/wp\/v2\/posts\/37317","targetHints":{"allow":["GET"]}}],"collection":[{"href":"https:\/\/www.semanariolocal.cl\/index.php?rest_route=\/wp\/v2\/posts"}],"about":[{"href":"https:\/\/www.semanariolocal.cl\/index.php?rest_route=\/wp\/v2\/types\/post"}],"author":[{"embeddable":true,"href":"https:\/\/www.semanariolocal.cl\/index.php?rest_route=\/wp\/v2\/users\/1"}],"replies":[{"embeddable":true,"href":"https:\/\/www.semanariolocal.cl\/index.php?rest_route=%2Fwp%2Fv2%2Fcomments&post=37317"}],"version-history":[{"count":1,"href":"https:\/\/www.semanariolocal.cl\/index.php?rest_route=\/wp\/v2\/posts\/37317\/revisions"}],"predecessor-version":[{"id":37319,"href":"https:\/\/www.semanariolocal.cl\/index.php?rest_route=\/wp\/v2\/posts\/37317\/revisions\/37319"}],"wp:featuredmedia":[{"embeddable":true,"href":"https:\/\/www.semanariolocal.cl\/index.php?rest_route=\/wp\/v2\/media\/37318"}],"wp:attachment":[{"href":"https:\/\/www.semanariolocal.cl\/index.php?rest_route=%2Fwp%2Fv2%2Fmedia&parent=37317"}],"wp:term":[{"taxonomy":"category","embeddable":true,"href":"https:\/\/www.semanariolocal.cl\/index.php?rest_route=%2Fwp%2Fv2%2Fcategories&post=37317"},{"taxonomy":"post_tag","embeddable":true,"href":"https:\/\/www.semanariolocal.cl\/index.php?rest_route=%2Fwp%2Fv2%2Ftags&post=37317"}],"curies":[{"name":"wp","href":"https:\/\/api.w.org\/{rel}","templated":true}]}}