{"id":37313,"date":"2026-09-03T08:00:00","date_gmt":"2026-09-03T12:00:00","guid":{"rendered":"https:\/\/www.semanariolocal.cl\/?p=37313"},"modified":"2026-09-03T12:31:03","modified_gmt":"2026-09-03T16:31:03","slug":"gloria-steinem-estudiar-nuestra-propia-ausencia","status":"publish","type":"post","link":"https:\/\/www.semanariolocal.cl\/?p=37313","title":{"rendered":"Gloria Steinem: estudiar nuestra propia ausencia"},"content":{"rendered":"\n<p class=\"wp-block-paragraph\"><strong><mark style=\"background-color:#abb8c3\" class=\"has-inline-color has-white-color\">03 de Septiembre del 2026.-<\/mark><\/strong> No me identifico con todas las ideas de Gloria Steinem, la periodista, escritora y activista estadounidense que lider\u00f3 la segunda ola feminista del siglo XX. Sin embargo, una de sus ideas me hace mucho sentido y ha acompa\u00f1ado mi trabajo como historiadora. Dice Steinem: una simple ojeada a nuestros apuntes y listas de lecturas, o a los programas y hojas de examen, evidenciar\u00eda que desde que entramos a la guarder\u00eda hasta que terminamos el doctorado, las ni\u00f1as y las mujeres nos dedicamos con tes\u00f3n a estudiar nuestra propia ausencia.<\/p>\n\n\n\n<p class=\"wp-block-paragraph\">Creo que tiene raz\u00f3n. Basta abrir un manual escolar, revisar un plan de estudios o repasar esos nombres que ha conservado la memoria hist\u00f3rica para advertir que, muchas veces, las mujeres aparecen como excepciones, notas al margen o personajes secundarios. Y as\u00ed, sin darnos cuenta, aprendemos que quienes hicieron cosas notables y pensaron grandes ideas fueron, mayoritariamente, hombres. Por supuesto, no es que no haya habido varones admirables -los hay y muchos-, pero hay otras tantas mujeres que participaron de los procesos hist\u00f3ricos y fueron clave en ellos, cuyos nombres, sin embargo, pasaron al olvido.<\/p>\n\n\n\n<p class=\"wp-block-paragraph\">Gloria Steinem muri\u00f3 esta semana, a los 92 a\u00f1os. Con ella desaparece una figura fundamental de la historia del feminismo contempor\u00e1neo: una mujer que plante\u00f3 los temas de justicia e igualdad como asuntos ineludibles de la conversaci\u00f3n p\u00fablica y la decisi\u00f3n pol\u00edtica. Fund\u00f3 la revista <em>Ms.<\/em>, cre\u00f3 organizaciones pol\u00edticas y sociales, escribi\u00f3 y, sobre todo, incomod\u00f3. Tambi\u00e9n fue criticada y cuestionada desde el propio feminismo, pero esa incomodidad es parte de su importancia hist\u00f3rica.<\/p>\n\n\n\n<p class=\"wp-block-paragraph\">Steinem no fue una activista de escritorio. Antes de convertirse en rostro del feminismo estadounidense, se infiltr\u00f3 en el Playboy Club de Nueva York, haci\u00e9ndose pasar por una \u201cconejita\u201d. Durante once d\u00edas observ\u00f3 y experiment\u00f3 las condiciones de trabajo, los bajos salarios y las formas de humillaci\u00f3n a las que estaban sometidas esas mujeres. Su reportaje, publicado en 1963, hizo visible lo que el glamour escond\u00eda.<\/p>\n\n\n\n<p class=\"wp-block-paragraph\">Esa manera de actuar resume, en parte, lo que ella entend\u00eda por feminismo: \u201cno es una idea radical, es la idea simple de que las mujeres deben ser tratadas como seres humanos\u201d. Y desde ah\u00ed deber\u00eda valorarse su legado. Steinem no entendi\u00f3 el feminismo como una guerra contra los hombres. Su adversario era la injusticia y, desde esa perspectiva, los varones tambi\u00e9n deb\u00edan participar en un proceso de transformaci\u00f3n.<\/p>\n\n\n\n<p class=\"wp-block-paragraph\">Esa distinci\u00f3n sigue siendo necesaria. El feminismo no deber\u00eda consistir en invertir una jerarqu\u00eda para reemplazarla por otra, sino en cuestionar las diferencias injustas, de manera que el sexo no determine a priori cu\u00e1nto podemos ser, hacer, pensar, decir o llegar a ser.<\/p>\n\n\n\n<p class=\"wp-block-paragraph\">Por eso, entre tantas frases y debates que dej\u00f3 Gloria Steinem, vuelvo a la que habla de nuestra ausencia. Porque una de las formas m\u00e1s silenciosas de la desigualdad es la omisi\u00f3n: esa que, al negar el reconocimiento debido, ha creado la falsa ilusi\u00f3n de que la participaci\u00f3n femenina no fue tan relevante en la historia, cuando, en realidad, a lo largo del tiempo, la colaboraci\u00f3n entre hombres y mujeres ha sido la \u00fanica forma de avanzar como sociedad.<\/p>\n\n\n\n<p class=\"wp-block-paragraph\"><strong>Dra. Mar\u00eda Gabriela Huidobro \u2013 Doctorado en Historia Pontificia Universidad Catolica \u2013 Licenciada en Humanidades Universidad Adolfo Iba\u00f1ez<\/strong>\u00a0\u2013\u00a0<strong>decana Asociada EHE, Tecnol\u00f3gico de Monterrey.<\/strong><\/p>\n","protected":false},"excerpt":{"rendered":"<p>Gloria Steinem muri\u00f3 esta semana, a los 92 a\u00f1os. Con ella desaparece una figura<br \/>\nfundamental de la historia del feminismo contempor\u00e1neo.<\/p>\n","protected":false},"author":1,"featured_media":37314,"comment_status":"closed","ping_status":"closed","sticky":false,"template":"","format":"standard","meta":{"footnotes":""},"categories":[5145,3843,4594,5146,4717,4192,4395],"tags":[2118,337,273,247,133],"class_list":["post-37313","post","type-post","status-publish","format-standard","has-post-thumbnail","hentry","category-ciencias-sociales","category-derechos-sociales","category-genero-y-diversidad","category-historia","category-mujer","category-politica-social","category-sociedad","tag-semanariolocal","tag-informacion","tag-noticias","tag-region-de-los-lagos","tag-semanario-local"],"_links":{"self":[{"href":"https:\/\/www.semanariolocal.cl\/index.php?rest_route=\/wp\/v2\/posts\/37313","targetHints":{"allow":["GET"]}}],"collection":[{"href":"https:\/\/www.semanariolocal.cl\/index.php?rest_route=\/wp\/v2\/posts"}],"about":[{"href":"https:\/\/www.semanariolocal.cl\/index.php?rest_route=\/wp\/v2\/types\/post"}],"author":[{"embeddable":true,"href":"https:\/\/www.semanariolocal.cl\/index.php?rest_route=\/wp\/v2\/users\/1"}],"replies":[{"embeddable":true,"href":"https:\/\/www.semanariolocal.cl\/index.php?rest_route=%2Fwp%2Fv2%2Fcomments&post=37313"}],"version-history":[{"count":1,"href":"https:\/\/www.semanariolocal.cl\/index.php?rest_route=\/wp\/v2\/posts\/37313\/revisions"}],"predecessor-version":[{"id":37315,"href":"https:\/\/www.semanariolocal.cl\/index.php?rest_route=\/wp\/v2\/posts\/37313\/revisions\/37315"}],"wp:featuredmedia":[{"embeddable":true,"href":"https:\/\/www.semanariolocal.cl\/index.php?rest_route=\/wp\/v2\/media\/37314"}],"wp:attachment":[{"href":"https:\/\/www.semanariolocal.cl\/index.php?rest_route=%2Fwp%2Fv2%2Fmedia&parent=37313"}],"wp:term":[{"taxonomy":"category","embeddable":true,"href":"https:\/\/www.semanariolocal.cl\/index.php?rest_route=%2Fwp%2Fv2%2Fcategories&post=37313"},{"taxonomy":"post_tag","embeddable":true,"href":"https:\/\/www.semanariolocal.cl\/index.php?rest_route=%2Fwp%2Fv2%2Ftags&post=37313"}],"curies":[{"name":"wp","href":"https:\/\/api.w.org\/{rel}","templated":true}]}}