{"id":37307,"date":"2026-09-02T10:30:00","date_gmt":"2026-09-02T14:30:00","guid":{"rendered":"https:\/\/www.semanariolocal.cl\/?p=37307"},"modified":"2026-09-02T22:22:30","modified_gmt":"2026-09-03T02:22:30","slug":"memoria-viva-de-la-futawillimapupublicara-libro-sobre-la-historia-y-legado-de-freder","status":"publish","type":"post","link":"https:\/\/www.semanariolocal.cl\/?p=37307","title":{"rendered":"Memoria Viva de la F\u00fctawillimapupublicar\u00e1 libro sobre la historia y legado de FREDER"},"content":{"rendered":"\n<p class=\"wp-block-paragraph\"><strong><mark style=\"background-color:#abb8c3\" class=\"has-inline-color has-white-color\">02 de Septiembre del 2026.- <\/mark><\/strong>\u201cFREDER: Memoria Viva de la F\u00fctawillimapu\u201d, es una iniciativa desarrollada en\u00a0 Osorno que tiene por objetivo difundir los aportes realizados por la hist\u00f3rica Fundaci\u00f3n Radio Escuela para el Desarrollo Rural -conocida ampliamente como FREDER- que cuenta con un fundamental trabajo vinculado a la capacitaci\u00f3n, educaci\u00f3n, comunicaci\u00f3n en sectores Mapuche, campesinos y poblacionales urbanos desde los a\u00f1os 60 a la fecha.\u00a0<\/p>\n\n\n\n<p class=\"wp-block-paragraph\">Durante 2026, la Corporaci\u00f3n de Desarrollo Vertientes, con el apoyo de&nbsp; FREDER&nbsp; y la Fundaci\u00f3n Misiones de la Costa, llevar\u00e1 adelante la publicaci\u00f3n de un libro titulado&nbsp;<em>\u201cFREDER: Memoria Viva de la F\u00fctawillimapu\u201d<\/em>. La obra que busca rescatar la memoria, reflexiones y testimonios sobre FREDER, es compilada por el acad\u00e9mico Mart\u00edn Quintana, la psic\u00f3loga Marcela Riedemann y la periodista Martina Paillacar, integrantes del equipo del proyecto.<\/p>\n\n\n\n<p class=\"wp-block-paragraph\">Aborda una amplia diversidad de tem\u00e1ticas, entre ellas el origen de la instituci\u00f3n, la identidad del territorio de la F\u00fctawillimapu, la educaci\u00f3n y la comunicaci\u00f3n,&nbsp; la figura de Winfredo Van den Berg, el rol del cine y el audiovisual. Tambi\u00e9n releva las experiencias de la escuela radiof\u00f3nica Santa Clara<em>,&nbsp;<\/em>la trayectoria de Radio La Voz de la Costa, el programa&nbsp;<em>Padres e Hijos<\/em>&nbsp;y el tradicional Festival del Folclore Campesino de Osorno, entre otros hitos que forman parte de la memoria cultural de la regi\u00f3n.<\/p>\n\n\n\n<p class=\"wp-block-paragraph\">M\u00e1s de quince autores\/as provenientes de la educaci\u00f3n, la comunicaci\u00f3n y la cultura participan en esta publicaci\u00f3n. Entre ellos\/as destacan Paula Carrillo, Cristina A\u00f1asco, Yamina Mayorga, C\u00e9sar Mill\u00e1n, Marcelo Tapia, Fernando Car\u00edas P\u00e9rez, Cristian Tejeda G\u00f3mez, Leonardo Guti\u00e9rrez, Hern\u00e1n Delgado, Ram\u00f3n Muns\u00f3n, Ponciano Rumi\u00e1n, Guillermo Williamson y Adri\u00e1n de Vet. Participan asimismo Martin Quintana, Marcela Riedemann y Martina Paillacar.<\/p>\n\n\n\n<p class=\"wp-block-paragraph\">En la edici\u00f3n participan el editor Jos\u00e9 Salom\u00f3n Gebhard y Mago Editores, mientras que en el dise\u00f1o y diagramaci\u00f3n, participa la ilustradora Catalina P\u00e9rez Marri\u00e1n.<\/p>\n","protected":false},"excerpt":{"rendered":"<p>Durante 2026, la Corporaci\u00f3n de Desarrollo Vertientes, con el apoyo de\u00a0 FREDER\u00a0 y la Fundaci\u00f3n Misiones de la Costa, llevar\u00e1 adelante la publicaci\u00f3n de un libro titulado\u00a0\u201cFREDER: Memoria Viva de la F\u00fctawillimapu\u201d.<\/p>\n","protected":false},"author":1,"featured_media":37308,"comment_status":"closed","ping_status":"closed","sticky":false,"template":"","format":"standard","meta":{"footnotes":""},"categories":[3,5145,10,5146,4370],"tags":[2118,5165,337,273,247,133],"class_list":["post-37307","post","type-post","status-publish","format-standard","has-post-thumbnail","hentry","category-al-dia","category-ciencias-sociales","category-cultura","category-historia","category-patrimonio-y-cultura","tag-semanariolocal","tag-freder","tag-informacion","tag-noticias","tag-region-de-los-lagos","tag-semanario-local"],"_links":{"self":[{"href":"https:\/\/www.semanariolocal.cl\/index.php?rest_route=\/wp\/v2\/posts\/37307","targetHints":{"allow":["GET"]}}],"collection":[{"href":"https:\/\/www.semanariolocal.cl\/index.php?rest_route=\/wp\/v2\/posts"}],"about":[{"href":"https:\/\/www.semanariolocal.cl\/index.php?rest_route=\/wp\/v2\/types\/post"}],"author":[{"embeddable":true,"href":"https:\/\/www.semanariolocal.cl\/index.php?rest_route=\/wp\/v2\/users\/1"}],"replies":[{"embeddable":true,"href":"https:\/\/www.semanariolocal.cl\/index.php?rest_route=%2Fwp%2Fv2%2Fcomments&post=37307"}],"version-history":[{"count":1,"href":"https:\/\/www.semanariolocal.cl\/index.php?rest_route=\/wp\/v2\/posts\/37307\/revisions"}],"predecessor-version":[{"id":37309,"href":"https:\/\/www.semanariolocal.cl\/index.php?rest_route=\/wp\/v2\/posts\/37307\/revisions\/37309"}],"wp:featuredmedia":[{"embeddable":true,"href":"https:\/\/www.semanariolocal.cl\/index.php?rest_route=\/wp\/v2\/media\/37308"}],"wp:attachment":[{"href":"https:\/\/www.semanariolocal.cl\/index.php?rest_route=%2Fwp%2Fv2%2Fmedia&parent=37307"}],"wp:term":[{"taxonomy":"category","embeddable":true,"href":"https:\/\/www.semanariolocal.cl\/index.php?rest_route=%2Fwp%2Fv2%2Fcategories&post=37307"},{"taxonomy":"post_tag","embeddable":true,"href":"https:\/\/www.semanariolocal.cl\/index.php?rest_route=%2Fwp%2Fv2%2Ftags&post=37307"}],"curies":[{"name":"wp","href":"https:\/\/api.w.org\/{rel}","templated":true}]}}