{"id":37304,"date":"2026-09-02T10:50:00","date_gmt":"2026-09-02T14:50:00","guid":{"rendered":"https:\/\/www.semanariolocal.cl\/?p=37304"},"modified":"2026-09-02T22:17:27","modified_gmt":"2026-09-03T02:17:27","slug":"tras-bloqueo-de-casas-de-apuestas-bancada-udi-respalda-a-la-subtel","status":"publish","type":"post","link":"https:\/\/www.semanariolocal.cl\/?p=37304","title":{"rendered":"Tras bloqueo de casas de apuestas: Bancada UDI respalda a la Subtel"},"content":{"rendered":"\n<p class=\"wp-block-paragraph\"><strong><mark style=\"background-color:#abb8c3\" class=\"has-inline-color has-white-color\">02 de Septiembre del 2026.- <\/mark><\/strong>El integrante de la comisi\u00f3n de Deportes de la C\u00e1mara Baja, Marco Antonio Sulantay, junto con el diputado Eduardo Cretton -en representaci\u00f3n de la Bancada de la UDI-, solicitaron al Ministerio de Hacienda y al Servicio de Impuestos Internos (SII) dejar sin efecto la pol\u00e9mica resoluci\u00f3n a trav\u00e9s de la\u00a0cual\u00a0se\u00a0estableci\u00f3\u00a0un\u00a0mecanismo\u00a0para\u00a0cobrar impuestos a las\u00a0casas\u00a0de\u00a0apuestas\u00a0que\u00a0operan\u00a0en\u00a0l\u00ednea.<\/p>\n\n\n\n<p class=\"wp-block-paragraph\">Al respecto, y tras la reciente decisi\u00f3n de la Subsecretar\u00eda de Telecomunicaciones (Subtel), que otorg\u00f3 un plazo de s\u00f3lo 48 horas para que seis empresas proveedoras de internet bloqueen un total de 42 dominios vinculados a dichas plataformas, los parlamentarios calificaron como \u00abinsostenible\u00bb que, en paralelo, se mantenga el cobro de IVA Digital a una actividad que ha sido considerada como \u00abilegal\u00bb.<\/p>\n\n\n\n<p class=\"wp-block-paragraph\">Justamente, Sulantay y Cretton recordaron el fallo de la Corte Suprema de septiembre de 2025, en el que se estableci\u00f3 que \u00absiendo los juegos de azar realizados a trav\u00e9s de plataformas de juegos online una actividad restringida en su explotaci\u00f3n exclusivamente a quien se encuentre autorizado legalmente, reviste de ilegalidad a cualquier otra actividad desarrollada al margen del ordenamiento legal\u00bb, lo que posteriormente deriv\u00f3 en un mecanismo fijado por la Corte de Apelaciones de Santiago que permiti\u00f3 identificar los sitios asociados a las casas de apuestas para as\u00ed proceder con su bloqueo.<\/p>\n\n\n\n<p class=\"wp-block-paragraph\">Por lo mismo, los legisladores de la UDI respaldaron la postura adoptada por la titular de la Subtel, Romina Garrido, quien manifest\u00f3 que \u00ablo que es ilegal para una subsecretar\u00eda deber\u00eda ser ilegal para todas las dem\u00e1s entidades p\u00fablicas\u00bb, insistiendo en que el cobro de IVA \u00abes una se\u00f1al contradictoria\u00bb.<\/p>\n\n\n\n<p class=\"wp-block-paragraph\">\u00abHoy m\u00e1s que nunca resulta insostenible mantener vigente la resoluci\u00f3n del SII sobre las casas de apuestas que operan en el pa\u00eds. Es absolutamente incoherente que existan organismos del Estado haciendo un esfuerzo por enfrentar esta actividad y dar cumplimiento a las resoluciones de la justicia, pero en paralelo se mantenga una norma que apunta justamente en el sentido contrario, entregando una se\u00f1al equivocada sobre su legalidad. El Estado tiene la obligaci\u00f3n de actuar de manera coherente y, mientras estas plataformas sigan operando de forma ilegal, como lo estableci\u00f3 la Corte Suprema, no corresponde que el SII termine legitim\u00e1ndolas a trav\u00e9s del cobro de impuestos\u00bb, se\u00f1alaron los diputados, quienes por lo mismo llamaron al Ministerio de Hacienda a dejar sin efecto la resoluci\u00f3n.<\/p>\n\n\n\n<p class=\"wp-block-paragraph\">En ese sentido, Sulantay y Cretton descartaron estar en contra de regular dicha actividad a trav\u00e9s de un proyecto de ley, especialmente con el prop\u00f3sito de establecer reglas claras para su funcionamiento y hacerse cargo de los efectos nocivos que generan las apuestas en l\u00ednea, por ejemplo en las personas con problemas de ludopat\u00eda y los menores de edad, quienes pueden acceder sin mayores dificultades.<\/p>\n\n\n\n<p class=\"wp-block-paragraph\">Por lo mismo, reiteraron que \u00ablo m\u00e1s conveniente es que el Ministerio de Hacienda y el SII dejen sin efecto esta resoluci\u00f3n y que cualquier regulaci\u00f3n en materia tributaria se discuta a trav\u00e9s de un proyecto de ley, que es la v\u00eda en la que corresponde definir bajo qu\u00e9 condiciones podr\u00edan funcionar\u00bb.<\/p>\n\n\n\n<p class=\"wp-block-paragraph\">\u00abEstamos absolutamente de acuerdo con que el Estado recaude los recursos que correspondan, pero no a cualquier costo. Antes debemos establecer una regulaci\u00f3n seria que se haga cargo de los efectos adversos que genera. Y ese debate debemos darlo en el Congreso, no a trav\u00e9s de una resoluci\u00f3n administrativa que termina adelant\u00e1ndose a una discusi\u00f3n que est\u00e1 pendiente\u00bb, insistieron los UDI.<\/p>\n","protected":false},"excerpt":{"rendered":"<p>Los diputados Marco Antonio Sulantay y Eduardo Cretton tildaron de \u00abinsostenible\u00bb mantener la disposici\u00f3n del Servicio de Impuestos Internos ante la orden de bloquear 42 plataformas.<\/p>\n","protected":false},"author":1,"featured_media":37305,"comment_status":"closed","ping_status":"closed","sticky":false,"template":"","format":"standard","meta":{"footnotes":""},"categories":[3,4397,3608,4480,4881,6,4793],"tags":[2118,337,273,247,133],"class_list":["post-37304","post","type-post","status-publish","format-standard","has-post-thumbnail","hentry","category-al-dia","category-derecho","category-estado","category-legal-y-judicial","category-legislacion","category-politica","category-tribunales","tag-semanariolocal","tag-informacion","tag-noticias","tag-region-de-los-lagos","tag-semanario-local"],"_links":{"self":[{"href":"https:\/\/www.semanariolocal.cl\/index.php?rest_route=\/wp\/v2\/posts\/37304","targetHints":{"allow":["GET"]}}],"collection":[{"href":"https:\/\/www.semanariolocal.cl\/index.php?rest_route=\/wp\/v2\/posts"}],"about":[{"href":"https:\/\/www.semanariolocal.cl\/index.php?rest_route=\/wp\/v2\/types\/post"}],"author":[{"embeddable":true,"href":"https:\/\/www.semanariolocal.cl\/index.php?rest_route=\/wp\/v2\/users\/1"}],"replies":[{"embeddable":true,"href":"https:\/\/www.semanariolocal.cl\/index.php?rest_route=%2Fwp%2Fv2%2Fcomments&post=37304"}],"version-history":[{"count":1,"href":"https:\/\/www.semanariolocal.cl\/index.php?rest_route=\/wp\/v2\/posts\/37304\/revisions"}],"predecessor-version":[{"id":37306,"href":"https:\/\/www.semanariolocal.cl\/index.php?rest_route=\/wp\/v2\/posts\/37304\/revisions\/37306"}],"wp:featuredmedia":[{"embeddable":true,"href":"https:\/\/www.semanariolocal.cl\/index.php?rest_route=\/wp\/v2\/media\/37305"}],"wp:attachment":[{"href":"https:\/\/www.semanariolocal.cl\/index.php?rest_route=%2Fwp%2Fv2%2Fmedia&parent=37304"}],"wp:term":[{"taxonomy":"category","embeddable":true,"href":"https:\/\/www.semanariolocal.cl\/index.php?rest_route=%2Fwp%2Fv2%2Fcategories&post=37304"},{"taxonomy":"post_tag","embeddable":true,"href":"https:\/\/www.semanariolocal.cl\/index.php?rest_route=%2Fwp%2Fv2%2Ftags&post=37304"}],"curies":[{"name":"wp","href":"https:\/\/api.w.org\/{rel}","templated":true}]}}