{"id":37300,"date":"2026-09-02T11:10:00","date_gmt":"2026-09-02T15:10:00","guid":{"rendered":"https:\/\/www.semanariolocal.cl\/?p=37300"},"modified":"2026-09-02T22:12:44","modified_gmt":"2026-09-03T02:12:44","slug":"gobernador-alejandro-santana-reune-a-exintendentes-de-los-lagos","status":"publish","type":"post","link":"https:\/\/www.semanariolocal.cl\/?p=37300","title":{"rendered":"Gobernador Alejandro Santana re\u00fane a exintendentes de Los Lagos"},"content":{"rendered":"\n<p class=\"wp-block-paragraph\"><strong><mark style=\"background-color:#abb8c3\" class=\"has-inline-color has-white-color\">02 de Septiembre del 2026.- <\/mark><\/strong>Con el objetivo de compartir experiencias, recoger aprendizajes y dialogar sobre los desaf\u00edos del desarrollo regional, el gobernador de Los Lagos, Alejandro Santana, sostuvo un encuentro con los exintendentes Rabindranath Quinteros y Jaime Brahm.<\/p>\n\n\n\n<p class=\"wp-block-paragraph\">La instancia permiti\u00f3 conversar sobre el rol que actualmente cumplen los gobiernos regionales, la evoluci\u00f3n institucional de las regiones y los desaf\u00edos que enfrenta la Regi\u00f3n de Los Lagos para seguir avanzando en crecimiento, descentralizaci\u00f3n y mejores oportunidades para sus habitantes.<\/p>\n\n\n\n<p class=\"wp-block-paragraph\">Durante la reuni\u00f3n, el gobernador Alejandro Santana destac\u00f3 el valor de escuchar a quienes anteriormente estuvieron a cargo de la administraci\u00f3n regional, relevando la importancia del di\u00e1logo transversal y de incorporar distintas perspectivas para construir una mejor regi\u00f3n.<\/p>\n\n\n\n<p class=\"wp-block-paragraph\">\u201cSiempre es bueno compartir ideas, siempre es bueno escuchar a quienes han tenido la ocasi\u00f3n de poder administrar el Gobierno Regional en el pasado, en una figura distinta a la actual, pero que sin lugar a dudas vivieron cosas muy parecidas a las que estamos viviendo hoy d\u00eda. La recomendaci\u00f3n de quien ya recorri\u00f3 este camino la valoro de manera muy importante\u201d, se\u00f1al\u00f3 el gobernador.<\/p>\n\n\n\n<p class=\"wp-block-paragraph\">Asimismo, la autoridad regional agradeci\u00f3 la disposici\u00f3n de ambos exintendentes para participar de esta instancia de conversaci\u00f3n, destacando que el desarrollo de los territorios requiere de la colaboraci\u00f3n entre distintas visiones pol\u00edticas.<\/p>\n\n\n\n<p class=\"wp-block-paragraph\">\u201cLos pa\u00edses, las regiones y las comunidades se desarrollan cuando los matices, las distintas miradas confluyen por un objetivo superior, que es el bienestar, en este caso, de la mejor regi\u00f3n de Chile\u201d, afirm\u00f3 Santana.<\/p>\n\n\n\n<p class=\"wp-block-paragraph\">Por su parte, el exintendente Rabindranath Quinteros valor\u00f3 la invitaci\u00f3n realizada por el gobernador y destac\u00f3 la relevancia del rol que hoy tienen las autoridades regionales elegidas democr\u00e1ticamente.<\/p>\n\n\n\n<p class=\"wp-block-paragraph\">\u201c\u00c9l hoy d\u00eda es representante de la comunidad regional, fue electo gobernador por votaci\u00f3n popular. Nosotros con Jaime fuimos designados por los presidentes de esa \u00e9poca, represent\u00e1bamos al Presidente de la Rep\u00fablica. Entonces lo que le hemos dicho al gobernador es que \u00e9l hoy d\u00eda tiene el apoyo popular y que las regiones son muy importantes para el desarrollo de este pa\u00eds\u201d, indic\u00f3.<\/p>\n\n\n\n<p class=\"wp-block-paragraph\">Quinteros agreg\u00f3 que \u201csi no se desarrollan las regiones, este pa\u00eds nunca va a ser desarrollado\u201d, valorando el espacio de conversaci\u00f3n para intercambiar ideas sobre c\u00f3mo seguir impulsando el crecimiento de Los Lagos.<\/p>\n\n\n\n<p class=\"wp-block-paragraph\">\u201cTenemos un \u00fanico horizonte, que es el bienestar, no solamente de esta comuna, sino tambi\u00e9n el bienestar de la regi\u00f3n. C\u00f3mo seguimos progresando, c\u00f3mo seguimos avanzando para que la Regi\u00f3n de Los Lagos sea la regi\u00f3n m\u00e1s desarrollada de Chile\u201d, sostuvo el exsenador y exalcalde de Puerto Montt.<\/p>\n\n\n\n<p class=\"wp-block-paragraph\">En tanto, el exintendente Jaime Brahm destac\u00f3 la importancia de generar espacios de di\u00e1logo entre quienes han tenido responsabilidades p\u00fablicas en la regi\u00f3n.<\/p>\n\n\n\n<p class=\"wp-block-paragraph\">\u201cPudimos claramente intercambiar ideas respecto a lo que se ha hecho, lo que se est\u00e1 haciendo y lo que se puede hacer a futuro. Indudablemente que las visiones hay que conversarlas y hay que estar unidos tras el avance de esta regi\u00f3n, que es la regi\u00f3n m\u00e1s linda de Chile, la Regi\u00f3n de Los Lagos\u201d, expres\u00f3.<\/p>\n\n\n\n<p class=\"wp-block-paragraph\">La reuni\u00f3n reafirm\u00f3 la voluntad de promover instancias de colaboraci\u00f3n y di\u00e1logo, poniendo en com\u00fan experiencias de distintas etapas de la historia regional con miras a seguir fortaleciendo el desarrollo de Los Lagos.<\/p>\n","protected":false},"excerpt":{"rendered":"<p>Rabindranath Quinteros y Jaime Brahm participaron de un encuentro con la autoridad regional, donde abordaron los desaf\u00edos del Gobierno Regional y la importancia de unir distintas miradas para avanzar en el bienestar de la comunidad.<\/p>\n","protected":false},"author":1,"featured_media":37301,"comment_status":"closed","ping_status":"closed","sticky":false,"template":"","format":"standard","meta":{"footnotes":""},"categories":[4419,2495,3816,6,2483],"tags":[2118,4195,337,273,247,133],"class_list":["post-37300","post","type-post","status-publish","format-standard","has-post-thumbnail","hentry","category-gobierno-regional","category-gore","category-partidos-politicos","category-politica","category-region","tag-semanariolocal","tag-gobernador-alejandro-santana","tag-informacion","tag-noticias","tag-region-de-los-lagos","tag-semanario-local"],"_links":{"self":[{"href":"https:\/\/www.semanariolocal.cl\/index.php?rest_route=\/wp\/v2\/posts\/37300","targetHints":{"allow":["GET"]}}],"collection":[{"href":"https:\/\/www.semanariolocal.cl\/index.php?rest_route=\/wp\/v2\/posts"}],"about":[{"href":"https:\/\/www.semanariolocal.cl\/index.php?rest_route=\/wp\/v2\/types\/post"}],"author":[{"embeddable":true,"href":"https:\/\/www.semanariolocal.cl\/index.php?rest_route=\/wp\/v2\/users\/1"}],"replies":[{"embeddable":true,"href":"https:\/\/www.semanariolocal.cl\/index.php?rest_route=%2Fwp%2Fv2%2Fcomments&post=37300"}],"version-history":[{"count":1,"href":"https:\/\/www.semanariolocal.cl\/index.php?rest_route=\/wp\/v2\/posts\/37300\/revisions"}],"predecessor-version":[{"id":37303,"href":"https:\/\/www.semanariolocal.cl\/index.php?rest_route=\/wp\/v2\/posts\/37300\/revisions\/37303"}],"wp:featuredmedia":[{"embeddable":true,"href":"https:\/\/www.semanariolocal.cl\/index.php?rest_route=\/wp\/v2\/media\/37301"}],"wp:attachment":[{"href":"https:\/\/www.semanariolocal.cl\/index.php?rest_route=%2Fwp%2Fv2%2Fmedia&parent=37300"}],"wp:term":[{"taxonomy":"category","embeddable":true,"href":"https:\/\/www.semanariolocal.cl\/index.php?rest_route=%2Fwp%2Fv2%2Fcategories&post=37300"},{"taxonomy":"post_tag","embeddable":true,"href":"https:\/\/www.semanariolocal.cl\/index.php?rest_route=%2Fwp%2Fv2%2Ftags&post=37300"}],"curies":[{"name":"wp","href":"https:\/\/api.w.org\/{rel}","templated":true}]}}