{"id":37297,"date":"2026-09-02T11:20:48","date_gmt":"2026-09-02T15:20:48","guid":{"rendered":"https:\/\/www.semanariolocal.cl\/?p=37297"},"modified":"2026-09-02T22:13:23","modified_gmt":"2026-09-03T02:13:23","slug":"ulagos-fortalece-su-rol-como-puente-para-la-cooperacion-internacional","status":"publish","type":"post","link":"https:\/\/www.semanariolocal.cl\/?p=37297","title":{"rendered":"ULagos fortalece su rol como puente para la cooperaci\u00f3n internacional"},"content":{"rendered":"\n<p class=\"wp-block-paragraph\"><strong><mark style=\"background-color:#abb8c3\" class=\"has-inline-color has-white-color\">02 de Septiembre del 2026.-<\/mark><\/strong> La Universidad de Los Lagos se constituy\u00f3 en un espacio estrat\u00e9gico para el di\u00e1logo y la articulaci\u00f3n entre la academia, el sector socioproductivo y las instituciones p\u00fablicas, al ser sede del conversatorio \u201cM\u00e9xico y Chile: Fortaleciendo oportunidades para la internacionalizaci\u00f3n de nuestras regiones\u201d, instancia que permiti\u00f3 abordar nuevas oportunidades de cooperaci\u00f3n, intercambio comercial e inversi\u00f3n entre ambos pa\u00edses y, particularmente, sus territorios y comunidades.<\/p>\n\n\n\n<p class=\"wp-block-paragraph\">El encuentro, realizado en el Aula Magna del Campus Puerto Montt de Chinquihue, reuni\u00f3 a representantes del mundo empresarial y socioproductivo de la Regi\u00f3n de Los Lagos, autoridades regionales y representantes de ambos gobiernos, en una actividad impulsada a partir de la visita a la regi\u00f3n de la embajadora de M\u00e9xico en Chile, doctora Laura Moreno, junto al gobernador de Los Lagos, Alejandro Santana, y el rector de la Universidad de Los Lagos, \u00d3scar Garrido.<\/p>\n\n\n\n<p class=\"wp-block-paragraph\">La jornada cont\u00f3 con las exposiciones de Paula Est\u00e9vez Weinstein, subsecretaria de Relaciones Econ\u00f3micas Internacionales (SUBREI); Farid Hannan, jefe de la Unidad de Diplomacia Econ\u00f3mica de la Secretar\u00eda de Relaciones Exteriores de M\u00e9xico; y Edgar Cice\u00f1o, quienes abordaron las oportunidades que existen para profundizar la relaci\u00f3n bilateral y favorecer una mayor inserci\u00f3n internacional de las regiones.<\/p>\n\n\n\n<p class=\"wp-block-paragraph\">Universidad de Los Lagos: articuladora de v\u00ednculos que impactan el territorio<\/p>\n\n\n\n<p class=\"wp-block-paragraph\">Para la Universidad de Los Lagos, este tipo de encuentros representa una expresi\u00f3n concreta de su compromiso como universidad estatal y p\u00fablica con el desarrollo de los territorios, poniendo sus capacidades acad\u00e9micas y de vinculaci\u00f3n al servicio de la generaci\u00f3n de nuevas oportunidades para sus comunidades. \u201cPara nosotros, como universidad estatal, esta es una oportunidad muy valiosa para contribuir con nuestras capacidades y construir confianzas entre el mundo productivo y la academia. Tambi\u00e9n lo vemos como una oportunidad para acentuar la cooperaci\u00f3n hist\u00f3rica que tenemos entre ambos pa\u00edses\u201d, se\u00f1al\u00f3 el rector de la Universidad de Los Lagos, \u00d3scar Garrido.<\/p>\n\n\n\n<p class=\"wp-block-paragraph\">El rector destac\u00f3 adem\u00e1s el papel que puede desempe\u00f1ar la instituci\u00f3n como espacio de encuentro y articulaci\u00f3n entre distintos actores. \u201cEn este espacio de di\u00e1logo tenemos el desaf\u00edo de acercar perspectivas de intercambio y construir confianzas y nuevas relaciones\u201d, enfatiz\u00f3.<\/p>\n\n\n\n<p class=\"wp-block-paragraph\">M\u00e9xico y Chile: oportunidades para profundizar una relaci\u00f3n hist\u00f3rica<\/p>\n\n\n\n<p class=\"wp-block-paragraph\">La visita de la embajadora de M\u00e9xico, Laura Moreno, se desarrolla en el marco de las actividades de conmemoraci\u00f3n de la Independencia de M\u00e9xico y contempla una agenda destinada a fortalecer los v\u00ednculos bilaterales y explorar nuevas oportunidades de colaboraci\u00f3n con la Regi\u00f3n de Los Lagos. \u201cTenemos oportunidades reales para crecer. En la actualidad contamos con 4 mil millones de d\u00f3lares anuales de intercambio comercial, pero debemos identificar oportunidades concretas de colaboraci\u00f3n e inversi\u00f3n, fortaleciendo estrat\u00e9gicamente la relaci\u00f3n bilateral para el futuro de nuestras econom\u00edas\u201d, destac\u00f3 la embajadora.<\/p>\n\n\n\n<p class=\"wp-block-paragraph\">La diplom\u00e1tica relev\u00f3 as\u00ed la necesidad de avanzar desde los acuerdos existentes hacia iniciativas concretas que permitan ampliar la cooperaci\u00f3n y generar beneficios compartidos entre ambos pa\u00edses y sus regiones.<\/p>\n\n\n\n<p class=\"wp-block-paragraph\">Internacionalizaci\u00f3n con impacto en las regiones<\/p>\n\n\n\n<p class=\"wp-block-paragraph\">Por su parte, la subsecretaria de Relaciones Econ\u00f3micas Internacionales, Paula Est\u00e9vez Weinstein, valor\u00f3 el encuentro como una oportunidad para fortalecer la internacionalizaci\u00f3n desde los propios territorios y para que los beneficios de los acuerdos comerciales alcancen a un mayor n\u00famero de empresas y actores locales.<\/p>\n\n\n\n<p class=\"wp-block-paragraph\">La autoridad destac\u00f3 que, desde la entrada en vigencia del acuerdo comercial entre Chile y M\u00e9xico en 1998 y hasta 2025, el intercambio comercial entre ambos pa\u00edses se triplic\u00f3, alcanzando los 3.460 millones de d\u00f3lares. \u201cNuestras econom\u00edas no compiten, sino que se complementan. La idea es que m\u00e1s empresas chilenas se vinculen al mercado mexicano\u201d, se\u00f1al\u00f3 la subsecretaria.<\/p>\n\n\n\n<p class=\"wp-block-paragraph\">En el caso espec\u00edfico de la Regi\u00f3n de Los Lagos, Est\u00e9vez destac\u00f3 como sectores estrat\u00e9gicos los productos l\u00e1cteos y sus derivados, adem\u00e1s del complejo maderero. A ello se suma la relevancia de la industria salmonera regional, cuyas exportaciones hacia M\u00e9xico superan los 100 millones de d\u00f3lares.<\/p>\n\n\n\n<p class=\"wp-block-paragraph\">Una universidad al servicio de la cooperaci\u00f3n territorial<\/p>\n\n\n\n<p class=\"wp-block-paragraph\">La realizaci\u00f3n de este encuentro en la Universidad de Los Lagos reafirma el papel de la instituci\u00f3n como plataforma de encuentro entre Chile, M\u00e9xico y el territorio regional, facilitando el di\u00e1logo entre autoridades, diplom\u00e1ticos, empresas, organizaciones y comunidad universitaria.<\/p>\n\n\n\n<p class=\"wp-block-paragraph\">A trav\u00e9s de estos espacios, la Universidad de Los Lagos contribuye a conectar las capacidades de la academia con las necesidades y oportunidades del territorio, favoreciendo la creaci\u00f3n de redes internacionales, la cooperaci\u00f3n bilateral, el intercambio de conocimiento y la apertura de nuevos mercados para los sectores productivos regionales.<\/p>\n\n\n\n<p class=\"wp-block-paragraph\">De esta manera, la internacionalizaci\u00f3n se entiende como una herramienta para el desarrollo territorial: una v\u00eda para conectar a las comunidades de la Regi\u00f3n de Los Lagos con nuevas oportunidades, conocimientos y redes de colaboraci\u00f3n, fortaleciendo su capacidad de proyectarse hacia Chile y el mundo. \u201cEstas instancias significativas de cooperaci\u00f3n&nbsp; nos desaf\u00edan a potenciar el recurso humano avanzado, remirar los perfiles de egreso de las carreras y vincularnos fuertemente con el mundo p\u00fablico, privado y el empresariado, agradecemos fuertemente a la embajadora de M\u00e9xico y su equipo por esta gran jornada\u201d, enfatiz\u00f3 Anita D\u00f6rner, vicerrectora del Campus Puerto Montt.<\/p>\n","protected":false},"excerpt":{"rendered":"<p>La casa de estudios reuni\u00f3 en Puerto Montt a autoridades, representantes diplom\u00e1ticos, sector productivo y academia para impulsar nuevas oportunidades de colaboraci\u00f3n entre M\u00e9xico y la Regi\u00f3n de Los Lagos.<\/p>\n","protected":false},"author":1,"featured_media":37298,"comment_status":"closed","ping_status":"closed","sticky":false,"template":"","format":"standard","meta":{"footnotes":""},"categories":[3302,3,12,2890],"tags":[2118,337,273,247,133,297],"class_list":["post-37297","post","type-post","status-publish","format-standard","has-post-thumbnail","hentry","category-academia","category-al-dia","category-economia","category-internacional","tag-semanariolocal","tag-informacion","tag-noticias","tag-region-de-los-lagos","tag-semanario-local","tag-universidad-de-los-lagos"],"_links":{"self":[{"href":"https:\/\/www.semanariolocal.cl\/index.php?rest_route=\/wp\/v2\/posts\/37297","targetHints":{"allow":["GET"]}}],"collection":[{"href":"https:\/\/www.semanariolocal.cl\/index.php?rest_route=\/wp\/v2\/posts"}],"about":[{"href":"https:\/\/www.semanariolocal.cl\/index.php?rest_route=\/wp\/v2\/types\/post"}],"author":[{"embeddable":true,"href":"https:\/\/www.semanariolocal.cl\/index.php?rest_route=\/wp\/v2\/users\/1"}],"replies":[{"embeddable":true,"href":"https:\/\/www.semanariolocal.cl\/index.php?rest_route=%2Fwp%2Fv2%2Fcomments&post=37297"}],"version-history":[{"count":1,"href":"https:\/\/www.semanariolocal.cl\/index.php?rest_route=\/wp\/v2\/posts\/37297\/revisions"}],"predecessor-version":[{"id":37299,"href":"https:\/\/www.semanariolocal.cl\/index.php?rest_route=\/wp\/v2\/posts\/37297\/revisions\/37299"}],"wp:featuredmedia":[{"embeddable":true,"href":"https:\/\/www.semanariolocal.cl\/index.php?rest_route=\/wp\/v2\/media\/37298"}],"wp:attachment":[{"href":"https:\/\/www.semanariolocal.cl\/index.php?rest_route=%2Fwp%2Fv2%2Fmedia&parent=37297"}],"wp:term":[{"taxonomy":"category","embeddable":true,"href":"https:\/\/www.semanariolocal.cl\/index.php?rest_route=%2Fwp%2Fv2%2Fcategories&post=37297"},{"taxonomy":"post_tag","embeddable":true,"href":"https:\/\/www.semanariolocal.cl\/index.php?rest_route=%2Fwp%2Fv2%2Ftags&post=37297"}],"curies":[{"name":"wp","href":"https:\/\/api.w.org\/{rel}","templated":true}]}}