{"id":37294,"date":"2026-09-02T11:30:00","date_gmt":"2026-09-02T15:30:00","guid":{"rendered":"https:\/\/www.semanariolocal.cl\/?p=37294"},"modified":"2026-09-02T21:26:55","modified_gmt":"2026-09-03T01:26:55","slug":"agricultor-de-los-muermos-introduce-la-tecnologia-al-campo-con-el-apoyo-de-indap","status":"publish","type":"post","link":"https:\/\/www.semanariolocal.cl\/?p=37294","title":{"rendered":"Agricultor de Los Muermos introduce la tecnolog\u00eda al campo con el apoyo de INDAP"},"content":{"rendered":"\n<p class=\"wp-block-paragraph\"><strong><mark style=\"background-color:#abb8c3\" class=\"has-inline-color has-white-color\">02 de Septiembredel 2026.-<\/mark><\/strong> En los Muermos en la regi\u00f3n de Los Lagos se encuentra Agr\u00edcola Suralef, un emprendimiento familiar liderado por el joven agricultor Mat\u00edas Barraza, que se dedica a la producci\u00f3n y venta de hortalizas, plantas y huevos frescos. Mat\u00edas es usuario de INDAP y con el apoyo institucional, le ha dado un sello innovador a su tradicional labor campesina, automatizando labores clave como el riego y el control de temperatura de sus invernaderos, lo que gestiona a solo un clic desde su tel\u00e9fono celular.<\/p>\n\n\n\n<p class=\"wp-block-paragraph\">\u201cEstamos tratando de impulsar la tecnolog\u00eda ya que, como agricultores j\u00f3venes, es una de las herramientas que tenemos a mano y que queremos demostrar a la agricultura familiar campesina, que tambi\u00e9n es viable de aplicar o replicar en sus campos\u201d, cuenta el agricultor y detalla: \u201ctenemos internet por antena, replicamos las se\u00f1ales mediante puentes inal\u00e1mbricos a los sectores productivos y de esa manera nos permite controlar los riegos autom\u00e1ticos, las l\u00e1mparas de fotoperiodo, la electr\u00f3lisis del agua, sensores y herramientas de gesti\u00f3n; de tal manera de que podamos controlar los datos de gesti\u00f3n como el clima, datos meteorol\u00f3gicos, alarmas de heladas o, por ejemplo, el sistema de reciclaje de las bandejas de huevos de los clientes\u201d.<\/p>\n\n\n\n<p class=\"wp-block-paragraph\">Gracias a la asesor\u00eda t\u00e9cnica y financiamiento que ha recibido como usuario de INDAP, Mat\u00edas y su familia demuestran que la innovaci\u00f3n y la tradici\u00f3n campesina van de la mano.<\/p>\n\n\n\n<p class=\"wp-block-paragraph\">\u201cComo INDAP estamos apoyando a los j\u00f3venes rurales para que se queden en el campo y puedan desarrollarse productivamente en la agricultura. El emprendimiento de Mat\u00edas es un claro ejemplo de aquello; una familia joven que est\u00e1 aportando al recambio generacional en el campo, comprometidos y que ya tienen su fomento productivo y donde nosotros como INDAP, los estamos apoyando con asesor\u00eda t\u00e9cnica e inversiones para que puedan seguir creciendo, incorporando nuevas tecnolog\u00edas y mejores pr\u00e1cticas de producci\u00f3n, financiado con recursos de INDAP\u201d, se\u00f1ala la directora regional (s) de INDAP, Alicia Mu\u00f1oz.<\/p>\n\n\n\n<p class=\"wp-block-paragraph\">\u201cEl apoyo de INDAP para nosotros ha sido fundamental, porque desde que nos ingresaron al programa de asesor\u00eda t\u00e9cnica, SAT, tuvimos profesionales especialistas que nos ayudaron a mejorar nuestros procesos productivos. Tambi\u00e9n la gesti\u00f3n de los cr\u00e9ditos, con los cuales hemos levantado parte de nuestra estructura, nuestra infraestructura ac\u00e1 en el campo y actualmente tambi\u00e9n fuimos beneficiados con un proyecto de riego, que nos va a permitir seguir creciendo\u201d, agrega Mat\u00edas.<\/p>\n\n\n\n<p class=\"wp-block-paragraph\"><strong>J\u00f3venes y el campo<\/strong><\/p>\n\n\n\n<p class=\"wp-block-paragraph\">La directora regional (s) de INDAP explica que \u201cestamos trabajando arduamente para que los j\u00f3venes se queden en el campo, innoven y hagan del mundo rural un lugar con futuro. Hoy contamos con una pol\u00edtica nacional de juventudes rurales: un instrumento que reconoce a los j\u00f3venes del campo como un actor clave en el desarrollo de nuestro pa\u00eds\u201d.<\/p>\n\n\n\n<p class=\"wp-block-paragraph\">A esto se suma el trabajo con la Mesa Regional de J\u00f3venes Rurales de Los Lagos, un espacio que re\u00fane a agricultores de las provincias de Llanquihue, Osorno y Chilo\u00e9 y Palena, instancia que representa un canal directo entre los usuarios j\u00f3venes y la instituci\u00f3n.<\/p>\n\n\n\n<p class=\"wp-block-paragraph\">Mat\u00edas Barraza es parte de la Mesa de J\u00f3venes Rurales, lo que le ha dado una gran vitrina para la comercializaci\u00f3n; con espacios en las ferias que se realizan en la calle techada de Puerto Varas y el Hospital de Puerto Montt.<\/p>\n\n\n\n<p class=\"wp-block-paragraph\">\u201cYo entiendo que el tema del rango etario puede ser una complicaci\u00f3n, sin embargo, ese es justamente el paradigma que nosotros queremos tratar de impulsar y romper; es acercar la tecnolog\u00eda a las personas y que el trabajo pesado del campo sea un poco m\u00e1s liviano. La idea justamente es un poco frenar la migraci\u00f3n que hay de los j\u00f3venes hacia la ciudad, si nos quedamos sin agricultores y sin personas j\u00f3venes en el campo, el campo chileno se muere\u201d, enfatiza el agricultor.<\/p>\n\n\n\n<p class=\"wp-block-paragraph\">Para quienes est\u00e9n interesados en conocer un poco m\u00e1s de Agr\u00edcola Suralef, pueden ingresar a su Instagram @agricolasuralef \u201cNosotros siempre estamos a disposici\u00f3n de compartir lo que hacemos y de impartir m\u00e1s charlas, m\u00e1s talleres y que m\u00e1s j\u00f3venes se motiven a producir en el campo con tecnolog\u00eda\u201d, cierra Mat\u00edas.<\/p>\n","protected":false},"excerpt":{"rendered":"<p>Mat\u00edas Barraza lidera Agr\u00edcola Suralef, un emprendimiento familiar dedicado a la producci\u00f3n de hortalizas, plantas y huevos frescos, con un enfoque distinto; la automatizaci\u00f3n de labores como el riego desde su celular.<\/p>\n","protected":false},"author":1,"featured_media":37295,"comment_status":"closed","ping_status":"closed","sticky":false,"template":"","format":"standard","meta":{"footnotes":""},"categories":[4333,20,3,3608,9,4338,3842,3801,3528],"tags":[2118,537,810,337,855,273,247,133],"class_list":["post-37294","post","type-post","status-publish","format-standard","has-post-thumbnail","hentry","category-agricultura-familiar","category-agro","category-al-dia","category-estado","category-gobierno","category-organismos-publicos","category-politicas-publicas","category-produccion","category-servicios-publicos","tag-semanariolocal","tag-agro","tag-indap","tag-informacion","tag-minagri","tag-noticias","tag-region-de-los-lagos","tag-semanario-local"],"_links":{"self":[{"href":"https:\/\/www.semanariolocal.cl\/index.php?rest_route=\/wp\/v2\/posts\/37294","targetHints":{"allow":["GET"]}}],"collection":[{"href":"https:\/\/www.semanariolocal.cl\/index.php?rest_route=\/wp\/v2\/posts"}],"about":[{"href":"https:\/\/www.semanariolocal.cl\/index.php?rest_route=\/wp\/v2\/types\/post"}],"author":[{"embeddable":true,"href":"https:\/\/www.semanariolocal.cl\/index.php?rest_route=\/wp\/v2\/users\/1"}],"replies":[{"embeddable":true,"href":"https:\/\/www.semanariolocal.cl\/index.php?rest_route=%2Fwp%2Fv2%2Fcomments&post=37294"}],"version-history":[{"count":1,"href":"https:\/\/www.semanariolocal.cl\/index.php?rest_route=\/wp\/v2\/posts\/37294\/revisions"}],"predecessor-version":[{"id":37296,"href":"https:\/\/www.semanariolocal.cl\/index.php?rest_route=\/wp\/v2\/posts\/37294\/revisions\/37296"}],"wp:featuredmedia":[{"embeddable":true,"href":"https:\/\/www.semanariolocal.cl\/index.php?rest_route=\/wp\/v2\/media\/37295"}],"wp:attachment":[{"href":"https:\/\/www.semanariolocal.cl\/index.php?rest_route=%2Fwp%2Fv2%2Fmedia&parent=37294"}],"wp:term":[{"taxonomy":"category","embeddable":true,"href":"https:\/\/www.semanariolocal.cl\/index.php?rest_route=%2Fwp%2Fv2%2Fcategories&post=37294"},{"taxonomy":"post_tag","embeddable":true,"href":"https:\/\/www.semanariolocal.cl\/index.php?rest_route=%2Fwp%2Fv2%2Ftags&post=37294"}],"curies":[{"name":"wp","href":"https:\/\/api.w.org\/{rel}","templated":true}]}}